{"id":956,"date":"2024-05-24T08:09:18","date_gmt":"2024-05-24T08:09:18","guid":{"rendered":"https:\/\/bangpremier.fr\/index.php\/2024\/05\/24\/jeremy-renner-pense-que-sa-convalescence-durera-toute-sa-vie-ce-sera-pour-toujours\/"},"modified":"2024-05-24T08:09:19","modified_gmt":"2024-05-24T08:09:19","slug":"jeremy-renner-pense-que-sa-convalescence-durera-toute-sa-vie-ce-sera-pour-toujours","status":"publish","type":"post","link":"https:\/\/bangpremier.fr\/index.php\/2024\/05\/24\/jeremy-renner-pense-que-sa-convalescence-durera-toute-sa-vie-ce-sera-pour-toujours\/","title":{"rendered":"Jeremy Renner pense que sa convalescence durera toute sa vie : &quot;Ce sera pour toujours&quot;"},"content":{"rendered":"<p><b>2024-05-24 08:09:18<\/b><br \/>\n<BR>Jeremy Renner reconna\u00eet qu&#8217;il sera en convalescence pour le &#8220;reste de [sa] vie&#8221;.<BR><br \/>\nL&#8217;acteur de 53 ans a \u00e9t\u00e9 gravement bless\u00e9 dans un accident de chasse-neige en janvier 2023, et bien qu&#8217;il se soit r\u00e9tabli de mani\u00e8re impressionnante jusqu&#8217;\u00e0 pr\u00e9sent, il reconna\u00eet que sa vie a \u00e9t\u00e9 chang\u00e9e \u00e0 jamais.<BR><br \/>\nLa star hollywoodienne, connue pour son r\u00f4le de Hawkeye dans le Marvel Cinematic Universe, a d\u00e9clar\u00e9 \u00e0 PEOPLE : &#8220;J&#8217;ai d\u00fb l&#8217;accepter pour le reste de ma vie. Il n&#8217;y aura plus rien de normal ou de semblable \u00e0 ce que la vie \u00e9tait avant l&#8217;accident. D&#8217;ailleurs, cela ne me d\u00e9range pas. Ma vie s&#8217;en trouve am\u00e9lior\u00e9e. Je suis en meilleure sant\u00e9 gr\u00e2ce \u00e0 cela. Je me concentre plus sur ma sant\u00e9 et mon bien-\u00eatre que je ne l&#8217;ai jamais fait auparavant, parce que je dois le faire. Je me r\u00e9tablirai jusqu&#8217;\u00e0 ce que je sois d\u00e9barrass\u00e9 de ce vieux corps d\u00e9traqu\u00e9. C&#8217;\u00e9tait une fa\u00e7on pour moi d&#8217;accepter vraiment que ce sera pour toujours&#8221;.<br \/>\n<br \/><a href=\"https:\/\/bangpremier.com\/\" target=\"_blank\" rel=\"noopener\"> Visit Bang Premier (main website) <\/a><br \/>\n<br \/><script src=\"https:\/\/geo.dailymotion.com\/player\/xt7m2.js\" data-params=\"mute=true\"><\/script><\/p>\n","protected":false},"excerpt":{"rendered":"<p>2024-05-24 08:09:18 Jeremy Renner reconna\u00eet qu&#8217;il sera en convalescence pour le &#8220;reste de [sa] vie&#8221;. L&#8217;acteur de 53 ans a \u00e9t\u00e9 gravement bless\u00e9 dans un accident de chasse-neige en janvier&hellip;<\/p>\n","protected":false},"author":1,"featured_media":957,"comment_status":"closed","ping_status":"open","sticky":false,"template":"","format":"standard","meta":{"footnotes":""},"categories":[1],"tags":[],"class_list":["post-956","post","type-post","status-publish","format-standard","has-post-thumbnail","hentry","category-people"],"_links":{"self":[{"href":"https:\/\/bangpremier.fr\/index.php\/wp-json\/wp\/v2\/posts\/956","targetHints":{"allow":["GET"]}}],"collection":[{"href":"https:\/\/bangpremier.fr\/index.php\/wp-json\/wp\/v2\/posts"}],"about":[{"href":"https:\/\/bangpremier.fr\/index.php\/wp-json\/wp\/v2\/types\/post"}],"author":[{"embeddable":true,"href":"https:\/\/bangpremier.fr\/index.php\/wp-json\/wp\/v2\/users\/1"}],"replies":[{"embeddable":true,"href":"https:\/\/bangpremier.fr\/index.php\/wp-json\/wp\/v2\/comments?post=956"}],"version-history":[{"count":1,"href":"https:\/\/bangpremier.fr\/index.php\/wp-json\/wp\/v2\/posts\/956\/revisions"}],"predecessor-version":[{"id":958,"href":"https:\/\/bangpremier.fr\/index.php\/wp-json\/wp\/v2\/posts\/956\/revisions\/958"}],"wp:featuredmedia":[{"embeddable":true,"href":"https:\/\/bangpremier.fr\/index.php\/wp-json\/wp\/v2\/media\/957"}],"wp:attachment":[{"href":"https:\/\/bangpremier.fr\/index.php\/wp-json\/wp\/v2\/media?parent=956"}],"wp:term":[{"taxonomy":"category","embeddable":true,"href":"https:\/\/bangpremier.fr\/index.php\/wp-json\/wp\/v2\/categories?post=956"},{"taxonomy":"post_tag","embeddable":true,"href":"https:\/\/bangpremier.fr\/index.php\/wp-json\/wp\/v2\/tags?post=956"}],"curies":[{"name":"wp","href":"https:\/\/api.w.org\/{rel}","templated":true}]}}