{"id":9031,"date":"2025-09-18T09:37:34","date_gmt":"2025-09-18T09:37:34","guid":{"rendered":"https:\/\/bangpremier.fr\/index.php\/2025\/09\/18\/bella-hadid-hospitalisee-a-cause-de-la-maladie-de-lyme-la-star-donne-de-ses-nouvelles\/"},"modified":"2025-09-18T09:37:35","modified_gmt":"2025-09-18T09:37:35","slug":"bella-hadid-hospitalisee-a-cause-de-la-maladie-de-lyme-la-star-donne-de-ses-nouvelles","status":"publish","type":"post","link":"https:\/\/bangpremier.fr\/index.php\/2025\/09\/18\/bella-hadid-hospitalisee-a-cause-de-la-maladie-de-lyme-la-star-donne-de-ses-nouvelles\/","title":{"rendered":"Bella Hadid : hospitalis\u00e9e \u00e0 cause de la maladie de Lyme, la star donne de ses nouvelles"},"content":{"rendered":"<p><b>2025-09-18 09:37:33<\/b><br \/>\n<BR>Bella Hadid a \u00e9t\u00e9 hospitalis\u00e9e. La mannequin de 28 ans, qui a re\u00e7u le diagnostic de la maladie de Lyme \u00e0 l&#8217;\u00e2ge de 16 ans en 2012, a partag\u00e9 une s\u00e9rie de photos la montrant allong\u00e9e dans un lit d&#8217;h\u00f4pital, sous perfusion.<BR><br \/>\nElle a l\u00e9gend\u00e9 la publication : &#8220;Je suis d\u00e9sol\u00e9e de toujours dispara\u00eetre, je vous aime tous.&#8221;<BR><br \/>\nBien que Bella n&#8217;ait pas confirm\u00e9 la raison de son hospitalisation, sa m\u00e8re Yolanda Hadid a \u00e9crit dans les commentaires : &#8220;Guerri\u00e8re de Lyme&#8221;.<BR><br \/>\nLa s\u0153ur de Bella, Gigi Hadid, lui a envoy\u00e9 tout son amour et a \u00e9crit : &#8220;Je t&#8217;aime ! J&#8217;esp\u00e8re que tu te sentiras bient\u00f4t aussi forte et en forme que tu le m\u00e9rites !!!!!!&#8221;<BR><br \/>\nR\u00e9cemment, Bella s&#8217;est confi\u00e9e sur sa lutte contre la maladie de Lyme et a d\u00e9clar\u00e9 qu&#8217;elle avait du mal \u00e0 prendre des douches.<BR><br \/>\nDans une interview accord\u00e9e \u00e0 Vogue, elle a confi\u00e9 : &#8220;Je pense que personne ne comprend vraiment ce qu&#8217;est une maladie chronique. Il m&#8217;est difficile de prendre une douche la plupart du temps, mais je vous assure, si vous lisez ceci, que je me douche tous les jours. Mais parfois, si j&#8217;ai un jour de cong\u00e9, si j&#8217;arrive \u00e0 prendre une douche et \u00e0 me pr\u00e9parer mon petit-d\u00e9jeuner, je consid\u00e8re cela comme un exploit.&#8221;<br \/>\n<br \/><a href=\"https:\/\/bangpremier.com\/\" target=\"_blank\"> Visit Bang Premier (main website) <\/a><br \/>\n<br \/><script src=\"https:\/\/geo.dailymotion.com\/player\/xt7m2.js\" data-params=\"mute=true\"><\/script><\/p>\n","protected":false},"excerpt":{"rendered":"<p>2025-09-18 09:37:33 Bella Hadid a \u00e9t\u00e9 hospitalis\u00e9e. La mannequin de 28 ans, qui a re\u00e7u le diagnostic de la maladie de Lyme \u00e0 l&#8217;\u00e2ge de 16 ans en 2012, a&hellip;<\/p>\n","protected":false},"author":1,"featured_media":9032,"comment_status":"closed","ping_status":"open","sticky":false,"template":"","format":"standard","meta":{"footnotes":""},"categories":[1],"tags":[],"class_list":["post-9031","post","type-post","status-publish","format-standard","has-post-thumbnail","hentry","category-people"],"_links":{"self":[{"href":"https:\/\/bangpremier.fr\/index.php\/wp-json\/wp\/v2\/posts\/9031","targetHints":{"allow":["GET"]}}],"collection":[{"href":"https:\/\/bangpremier.fr\/index.php\/wp-json\/wp\/v2\/posts"}],"about":[{"href":"https:\/\/bangpremier.fr\/index.php\/wp-json\/wp\/v2\/types\/post"}],"author":[{"embeddable":true,"href":"https:\/\/bangpremier.fr\/index.php\/wp-json\/wp\/v2\/users\/1"}],"replies":[{"embeddable":true,"href":"https:\/\/bangpremier.fr\/index.php\/wp-json\/wp\/v2\/comments?post=9031"}],"version-history":[{"count":1,"href":"https:\/\/bangpremier.fr\/index.php\/wp-json\/wp\/v2\/posts\/9031\/revisions"}],"predecessor-version":[{"id":9033,"href":"https:\/\/bangpremier.fr\/index.php\/wp-json\/wp\/v2\/posts\/9031\/revisions\/9033"}],"wp:featuredmedia":[{"embeddable":true,"href":"https:\/\/bangpremier.fr\/index.php\/wp-json\/wp\/v2\/media\/9032"}],"wp:attachment":[{"href":"https:\/\/bangpremier.fr\/index.php\/wp-json\/wp\/v2\/media?parent=9031"}],"wp:term":[{"taxonomy":"category","embeddable":true,"href":"https:\/\/bangpremier.fr\/index.php\/wp-json\/wp\/v2\/categories?post=9031"},{"taxonomy":"post_tag","embeddable":true,"href":"https:\/\/bangpremier.fr\/index.php\/wp-json\/wp\/v2\/tags?post=9031"}],"curies":[{"name":"wp","href":"https:\/\/api.w.org\/{rel}","templated":true}]}}