{"id":8982,"date":"2025-09-15T14:00:33","date_gmt":"2025-09-15T14:00:33","guid":{"rendered":"https:\/\/bangpremier.fr\/index.php\/2025\/09\/15\/kate-middleton-et-melania-trump-vont-participer-a-leur-premier-engagement-commun\/"},"modified":"2025-09-15T14:00:35","modified_gmt":"2025-09-15T14:00:35","slug":"kate-middleton-et-melania-trump-vont-participer-a-leur-premier-engagement-commun","status":"publish","type":"post","link":"https:\/\/bangpremier.fr\/index.php\/2025\/09\/15\/kate-middleton-et-melania-trump-vont-participer-a-leur-premier-engagement-commun\/","title":{"rendered":"Kate Middleton et Melania Trump vont participer \u00e0 leur premier engagement commun"},"content":{"rendered":"<p><b>2025-09-15 14:00:33<\/b><br \/>\n<BR>La princesse de Galles et l&#8217;\u00e9pouse du pr\u00e9sident Donald Trump vont participer \u00e0 leur premier engagement commun la semaine prochaine, lors de la visite officielle des \u00c9tats-Unis au Royaume-Uni.<BR><br \/>\nLe 17 septembre, la princesse accueillera le pr\u00e9sident am\u00e9ricain et la premi\u00e8re dame aux c\u00f4t\u00e9s de son mari, le prince William, avant d&#8217;accompagner Melania lors d&#8217;une sortie le lendemain. <BR><br \/>\nOrganis\u00e9e par le roi Charles, la visite officielle se d\u00e9roulera du 16 au 18 septembre.<BR><br \/>\nLe 18 septembre, Kate et Melania visiteront les jardins de Frogmore \u00e0 Windsor, o\u00f9 elles seront rejointes par le chef scout britannique Dwayne Fields et les membres du programme Scouts&#8217; Squirrels, un programme confirm\u00e9 par Buckingham Palace.<BR><br \/>\nCatherine est copr\u00e9sidente de l&#8217;Association scoute depuis 2020, apr\u00e8s avoir \u00e9t\u00e9 membre des Brownie dans son enfance.<BR><br \/>\nElle a d\u00e9j\u00e0 \u00e9voqu\u00e9 le r\u00f4le que la nature a jou\u00e9 dans son traitement contre le cancer l&#8217;ann\u00e9e derni\u00e8re.<BR><br \/>\nCatherine a annonc\u00e9 en mars 2024 qu&#8217;elle suivait un traitement pr\u00e9ventif contre la maladie, puis a confirm\u00e9 en septembre qu&#8217;elle avait termin\u00e9 sa chimioth\u00e9rapie. En janvier, elle a d\u00e9clar\u00e9 \u00eatre d\u00e9sormais en r\u00e9mission.<br \/>\n<br \/><a href=\"https:\/\/bangpremier.com\/\" target=\"_blank\"> Visit Bang Premier (main website) <\/a><br \/>\n<br \/><script src=\"https:\/\/geo.dailymotion.com\/player\/xt7m2.js\" data-params=\"mute=true\"><\/script><\/p>\n","protected":false},"excerpt":{"rendered":"<p>2025-09-15 14:00:33 La princesse de Galles et l&#8217;\u00e9pouse du pr\u00e9sident Donald Trump vont participer \u00e0 leur premier engagement commun la semaine prochaine, lors de la visite officielle des \u00c9tats-Unis au&hellip;<\/p>\n","protected":false},"author":1,"featured_media":8983,"comment_status":"closed","ping_status":"open","sticky":false,"template":"","format":"standard","meta":{"footnotes":""},"categories":[1],"tags":[],"class_list":["post-8982","post","type-post","status-publish","format-standard","has-post-thumbnail","hentry","category-people"],"_links":{"self":[{"href":"https:\/\/bangpremier.fr\/index.php\/wp-json\/wp\/v2\/posts\/8982","targetHints":{"allow":["GET"]}}],"collection":[{"href":"https:\/\/bangpremier.fr\/index.php\/wp-json\/wp\/v2\/posts"}],"about":[{"href":"https:\/\/bangpremier.fr\/index.php\/wp-json\/wp\/v2\/types\/post"}],"author":[{"embeddable":true,"href":"https:\/\/bangpremier.fr\/index.php\/wp-json\/wp\/v2\/users\/1"}],"replies":[{"embeddable":true,"href":"https:\/\/bangpremier.fr\/index.php\/wp-json\/wp\/v2\/comments?post=8982"}],"version-history":[{"count":1,"href":"https:\/\/bangpremier.fr\/index.php\/wp-json\/wp\/v2\/posts\/8982\/revisions"}],"predecessor-version":[{"id":8984,"href":"https:\/\/bangpremier.fr\/index.php\/wp-json\/wp\/v2\/posts\/8982\/revisions\/8984"}],"wp:featuredmedia":[{"embeddable":true,"href":"https:\/\/bangpremier.fr\/index.php\/wp-json\/wp\/v2\/media\/8983"}],"wp:attachment":[{"href":"https:\/\/bangpremier.fr\/index.php\/wp-json\/wp\/v2\/media?parent=8982"}],"wp:term":[{"taxonomy":"category","embeddable":true,"href":"https:\/\/bangpremier.fr\/index.php\/wp-json\/wp\/v2\/categories?post=8982"},{"taxonomy":"post_tag","embeddable":true,"href":"https:\/\/bangpremier.fr\/index.php\/wp-json\/wp\/v2\/tags?post=8982"}],"curies":[{"name":"wp","href":"https:\/\/api.w.org\/{rel}","templated":true}]}}