{"id":8980,"date":"2025-09-15T12:35:11","date_gmt":"2025-09-15T12:35:11","guid":{"rendered":"https:\/\/bangpremier.fr\/index.php\/2025\/09\/15\/sofia-vergara-a-ete-transportee-a-lhopital-durgence-le-soir-des-emmy-awards\/"},"modified":"2025-09-15T12:35:13","modified_gmt":"2025-09-15T12:35:13","slug":"sofia-vergara-a-ete-transportee-a-lhopital-durgence-le-soir-des-emmy-awards","status":"publish","type":"post","link":"https:\/\/bangpremier.fr\/index.php\/2025\/09\/15\/sofia-vergara-a-ete-transportee-a-lhopital-durgence-le-soir-des-emmy-awards\/","title":{"rendered":"Sofia Vergara \u00e0 \u00e9t\u00e9 transport\u00e9e \u00e0 l&#039;h\u00f4pital d&#039;urgence le soir des Emmy Awards"},"content":{"rendered":"<p><b>2025-09-15 12:35:11<\/b><br \/>\n<BR>Sofia Vergara a d\u00fb renoncer \u00e0 assister \u00e0 la c\u00e9r\u00e9monie des Emmy Awards dimanche soir apr\u00e8s avoir \u00e9t\u00e9 transport\u00e9e d&#8217;urgence \u00e0 l&#8217;h\u00f4pital.<BR><br \/>\nL&#8217;actrice de 53 ans \u00e9tait pr\u00eate pour la soir\u00e9e au Peacock Theater de Los Angeles mais elle a \u00e9t\u00e9 victime d&#8217;une r\u00e9action allergique alors qu&#8217;elle s&#8217;appr\u00eatait \u00e0 monter dans la voiture. Elle s&#8217;est donc rendue aux urgences au lieu de fouler le tapis rouge.<BR><br \/>\nSofia s&#8217;est exprim\u00e9e sur Instagram pour expliquer son absence \u00e0 l&#8217;\u00e9v\u00e9nement. <BR><br \/>\nL&#8217;actrice a partag\u00e9 une photo de son \u0153il gauche gonfl\u00e9, en \u00e9crivant : &#8220;Je n&#8217;ai pas pu me rendre aux Emmy Awards, mais je me suis rendue aux urgences&#8230; D\u00e9sol\u00e9e d&#8217;avoir d\u00fb annuler ! Une allergie oculaire compl\u00e8tement folle juste avant de monter dans la voiture !&#8221;<BR><br \/>\nUne autre photo la montrait allong\u00e9e sur un lit d&#8217;h\u00f4pital et elle a \u00e9galement partag\u00e9 une vid\u00e9o la montrant en train de se rincer l&#8217;\u0153il dans une fontaine d&#8217;eau potable.<BR><br \/>\nSofia devait remettre un prix lors de la c\u00e9r\u00e9monie.<BR><br \/>\nParmi les autres pr\u00e9sentateurs de la soir\u00e9e figuraient Catherine Zeta-Jones, Jude Law, Jason Bateman, Jennifer Coolidge, Colman Domingo et Tina Fey.<br \/>\n<br \/><a href=\"https:\/\/bangpremier.com\/\" target=\"_blank\"> Visit Bang Premier (main website) <\/a><br \/>\n<br \/><script src=\"https:\/\/geo.dailymotion.com\/player\/xt7m2.js\" data-params=\"mute=true\"><\/script><\/p>\n","protected":false},"excerpt":{"rendered":"<p>2025-09-15 12:35:11 Sofia Vergara a d\u00fb renoncer \u00e0 assister \u00e0 la c\u00e9r\u00e9monie des Emmy Awards dimanche soir apr\u00e8s avoir \u00e9t\u00e9 transport\u00e9e d&#8217;urgence \u00e0 l&#8217;h\u00f4pital. L&#8217;actrice de 53 ans \u00e9tait pr\u00eate&hellip;<\/p>\n","protected":false},"author":1,"featured_media":7188,"comment_status":"closed","ping_status":"open","sticky":false,"template":"","format":"standard","meta":{"footnotes":""},"categories":[1],"tags":[],"class_list":["post-8980","post","type-post","status-publish","format-standard","has-post-thumbnail","hentry","category-people"],"_links":{"self":[{"href":"https:\/\/bangpremier.fr\/index.php\/wp-json\/wp\/v2\/posts\/8980","targetHints":{"allow":["GET"]}}],"collection":[{"href":"https:\/\/bangpremier.fr\/index.php\/wp-json\/wp\/v2\/posts"}],"about":[{"href":"https:\/\/bangpremier.fr\/index.php\/wp-json\/wp\/v2\/types\/post"}],"author":[{"embeddable":true,"href":"https:\/\/bangpremier.fr\/index.php\/wp-json\/wp\/v2\/users\/1"}],"replies":[{"embeddable":true,"href":"https:\/\/bangpremier.fr\/index.php\/wp-json\/wp\/v2\/comments?post=8980"}],"version-history":[{"count":1,"href":"https:\/\/bangpremier.fr\/index.php\/wp-json\/wp\/v2\/posts\/8980\/revisions"}],"predecessor-version":[{"id":8981,"href":"https:\/\/bangpremier.fr\/index.php\/wp-json\/wp\/v2\/posts\/8980\/revisions\/8981"}],"wp:featuredmedia":[{"embeddable":true,"href":"https:\/\/bangpremier.fr\/index.php\/wp-json\/wp\/v2\/media\/7188"}],"wp:attachment":[{"href":"https:\/\/bangpremier.fr\/index.php\/wp-json\/wp\/v2\/media?parent=8980"}],"wp:term":[{"taxonomy":"category","embeddable":true,"href":"https:\/\/bangpremier.fr\/index.php\/wp-json\/wp\/v2\/categories?post=8980"},{"taxonomy":"post_tag","embeddable":true,"href":"https:\/\/bangpremier.fr\/index.php\/wp-json\/wp\/v2\/tags?post=8980"}],"curies":[{"name":"wp","href":"https:\/\/api.w.org\/{rel}","templated":true}]}}