{"id":8954,"date":"2025-09-12T09:34:10","date_gmt":"2025-09-12T09:34:10","guid":{"rendered":"https:\/\/bangpremier.fr\/index.php\/2025\/09\/12\/george-clooney-revele-sa-plus-grande-inquietude-concernant-ses-enfants-les-risques-sont-tellement-plus-grands\/"},"modified":"2025-09-12T09:34:12","modified_gmt":"2025-09-12T09:34:12","slug":"george-clooney-revele-sa-plus-grande-inquietude-concernant-ses-enfants-les-risques-sont-tellement-plus-grands","status":"publish","type":"post","link":"https:\/\/bangpremier.fr\/index.php\/2025\/09\/12\/george-clooney-revele-sa-plus-grande-inquietude-concernant-ses-enfants-les-risques-sont-tellement-plus-grands\/","title":{"rendered":"George Clooney r\u00e9v\u00e8le sa plus grande inqui\u00e9tude concernant ses enfants : &quot;Les risques sont tellement plus grands&quot;"},"content":{"rendered":"<p><b>2025-09-12 09:34:09<\/b><br \/>\n<BR>George Clooney est profond\u00e9ment inquiet \u00e0 l&#8217;id\u00e9e que ses enfants soient expos\u00e9s aux r\u00e9seaux sociaux.<BR><br \/>\nL&#8217;acteur est p\u00e8re de jumeaux de huit ans, Alexander et Ella, qu&#8217;il a eus avec sa femme Amal Clooney, et il a admis ne pas les laisser utiliser de plateformes telles qu&#8217;Instagram et Facebook. Il s&#8217;inqui\u00e8te toutefois de ce qui arrivera lorsqu&#8217;ils finiront par cr\u00e9er leurs propres comptes.<BR><br \/>\nLors d&#8217;une interview accord\u00e9e \u00e0 sa coll\u00e8gue Julia Roberts pour le magazine 72, il a expliqu\u00e9 : &#8220;Je ne sais pas comment utiliser les r\u00e9seaux sociaux. Je ne suis sur aucun d&#8217;entre eux, mais uniquement parce que je trouve que ma vie est tellement plus simple sans. Mais je m&#8217;inqui\u00e8te pour mes enfants, \u00e9videmment&#8230;  Les risques sont tellement plus grands et les cons\u00e9quences vous poursuivent pendant tellement plus longtemps. Nous les tenons \u00e9loign\u00e9s d&#8217;Internet autant que possible.&#8221;<br \/>\n<br \/><a href=\"https:\/\/bangpremier.com\/\" target=\"_blank\"> Visit Bang Premier (main website) <\/a><br \/>\n<br \/><script src=\"https:\/\/geo.dailymotion.com\/player\/xt7m2.js\" data-params=\"mute=true\"><\/script><\/p>\n","protected":false},"excerpt":{"rendered":"<p>2025-09-12 09:34:09 George Clooney est profond\u00e9ment inquiet \u00e0 l&#8217;id\u00e9e que ses enfants soient expos\u00e9s aux r\u00e9seaux sociaux. L&#8217;acteur est p\u00e8re de jumeaux de huit ans, Alexander et Ella, qu&#8217;il a&hellip;<\/p>\n","protected":false},"author":1,"featured_media":619,"comment_status":"closed","ping_status":"open","sticky":false,"template":"","format":"standard","meta":{"footnotes":""},"categories":[1],"tags":[],"class_list":["post-8954","post","type-post","status-publish","format-standard","has-post-thumbnail","hentry","category-people"],"_links":{"self":[{"href":"https:\/\/bangpremier.fr\/index.php\/wp-json\/wp\/v2\/posts\/8954","targetHints":{"allow":["GET"]}}],"collection":[{"href":"https:\/\/bangpremier.fr\/index.php\/wp-json\/wp\/v2\/posts"}],"about":[{"href":"https:\/\/bangpremier.fr\/index.php\/wp-json\/wp\/v2\/types\/post"}],"author":[{"embeddable":true,"href":"https:\/\/bangpremier.fr\/index.php\/wp-json\/wp\/v2\/users\/1"}],"replies":[{"embeddable":true,"href":"https:\/\/bangpremier.fr\/index.php\/wp-json\/wp\/v2\/comments?post=8954"}],"version-history":[{"count":1,"href":"https:\/\/bangpremier.fr\/index.php\/wp-json\/wp\/v2\/posts\/8954\/revisions"}],"predecessor-version":[{"id":8955,"href":"https:\/\/bangpremier.fr\/index.php\/wp-json\/wp\/v2\/posts\/8954\/revisions\/8955"}],"wp:featuredmedia":[{"embeddable":true,"href":"https:\/\/bangpremier.fr\/index.php\/wp-json\/wp\/v2\/media\/619"}],"wp:attachment":[{"href":"https:\/\/bangpremier.fr\/index.php\/wp-json\/wp\/v2\/media?parent=8954"}],"wp:term":[{"taxonomy":"category","embeddable":true,"href":"https:\/\/bangpremier.fr\/index.php\/wp-json\/wp\/v2\/categories?post=8954"},{"taxonomy":"post_tag","embeddable":true,"href":"https:\/\/bangpremier.fr\/index.php\/wp-json\/wp\/v2\/tags?post=8954"}],"curies":[{"name":"wp","href":"https:\/\/api.w.org\/{rel}","templated":true}]}}