{"id":8937,"date":"2025-09-11T13:02:52","date_gmt":"2025-09-11T13:02:52","guid":{"rendered":"https:\/\/bangpremier.fr\/index.php\/2025\/09\/11\/daniel-day-lewis-explique-pourquoi-il-a-quitte-hollywood-javais-un-sentiment-de-vide\/"},"modified":"2025-09-11T13:02:54","modified_gmt":"2025-09-11T13:02:54","slug":"daniel-day-lewis-explique-pourquoi-il-a-quitte-hollywood-javais-un-sentiment-de-vide","status":"publish","type":"post","link":"https:\/\/bangpremier.fr\/index.php\/2025\/09\/11\/daniel-day-lewis-explique-pourquoi-il-a-quitte-hollywood-javais-un-sentiment-de-vide\/","title":{"rendered":"Daniel Day-Lewis explique pourquoi il a quitt\u00e9 Hollywood : &quot;J&#039;avais un sentiment de vide&#8230;&quot;"},"content":{"rendered":"<p><b>2025-09-11 13:02:52<\/b><br \/>\n<BR>Daniel Day-Lewis a pris sa retraite car il estimait n&#8217;avoir plus rien \u00e0 offrir<BR><br \/>\nL&#8217;acteur de 68 ans a repris du service pour jouer dans &#8220;Anemone&#8221;, un film r\u00e9alis\u00e9 par son fils Ronan Day-Lewis, bien qu&#8217;il ait tourn\u00e9 le dos au m\u00e9tier en 2017.<BR><br \/>\nIl a d\u00e9clar\u00e9 au magazine Rolling Stone :  &#8220;C&#8217;\u00e9tait juste une sorte de peur diffuse, une anxi\u00e9t\u00e9 \u00e0 l&#8217;id\u00e9e de me replonger dans le monde du cin\u00e9ma. J&#8217;ai toujours aim\u00e9 ce m\u00e9tier. Je n&#8217;ai jamais cess\u00e9 de l&#8217;aimer. Mais il y avait certains aspects du mode de vie qui l&#8217;accompagnaient que je n&#8217;ai jamais accept\u00e9s, depuis mes d\u00e9buts jusqu&#8217;\u00e0 aujourd&#8217;hui. Il y a quelque chose dans ce processus qui me laissait un sentiment de vide \u00e0 la fin. Je comprenais que tout cela faisait partie du processus et qu&#8217;il y aurait finalement une r\u00e9g\u00e9n\u00e9ration.&#8221;<BR><br \/>\nL&#8217;acteur a toutefois senti qu&#8217;il ne pourrait pas continuer apr\u00e8s avoir jou\u00e9 dans &#8220;Phantom Thread&#8221;.<BR><br \/>\n&#8220;Ce n&#8217;est vraiment qu&#8217;au cours de ma derni\u00e8re exp\u00e9rience [le tournage de Phantom Thread, ndlr] que j&#8217;ai commenc\u00e9 \u00e0 ressentir tr\u00e8s fortement qu&#8217;il n&#8217;y aurait peut-\u00eatre plus cette r\u00e9g\u00e9n\u00e9ration&#8221; a confi\u00e9 la star. &#8220;Que je devrais probablement m&#8217;en \u00e9loigner, car je n&#8217;avais rien d&#8217;autre \u00e0 offrir.\u201d<br \/>\n<br \/><a href=\"https:\/\/bangpremier.com\/\" target=\"_blank\"> Visit Bang Premier (main website) <\/a><br \/>\n<br \/><script src=\"https:\/\/geo.dailymotion.com\/player\/xt7m2.js\" data-params=\"mute=true\"><\/script><\/p>\n","protected":false},"excerpt":{"rendered":"<p>2025-09-11 13:02:52 Daniel Day-Lewis a pris sa retraite car il estimait n&#8217;avoir plus rien \u00e0 offrir L&#8217;acteur de 68 ans a repris du service pour jouer dans &#8220;Anemone&#8221;, un film&hellip;<\/p>\n","protected":false},"author":1,"featured_media":8938,"comment_status":"closed","ping_status":"open","sticky":false,"template":"","format":"standard","meta":{"footnotes":""},"categories":[1],"tags":[],"class_list":["post-8937","post","type-post","status-publish","format-standard","has-post-thumbnail","hentry","category-people"],"_links":{"self":[{"href":"https:\/\/bangpremier.fr\/index.php\/wp-json\/wp\/v2\/posts\/8937","targetHints":{"allow":["GET"]}}],"collection":[{"href":"https:\/\/bangpremier.fr\/index.php\/wp-json\/wp\/v2\/posts"}],"about":[{"href":"https:\/\/bangpremier.fr\/index.php\/wp-json\/wp\/v2\/types\/post"}],"author":[{"embeddable":true,"href":"https:\/\/bangpremier.fr\/index.php\/wp-json\/wp\/v2\/users\/1"}],"replies":[{"embeddable":true,"href":"https:\/\/bangpremier.fr\/index.php\/wp-json\/wp\/v2\/comments?post=8937"}],"version-history":[{"count":1,"href":"https:\/\/bangpremier.fr\/index.php\/wp-json\/wp\/v2\/posts\/8937\/revisions"}],"predecessor-version":[{"id":8939,"href":"https:\/\/bangpremier.fr\/index.php\/wp-json\/wp\/v2\/posts\/8937\/revisions\/8939"}],"wp:featuredmedia":[{"embeddable":true,"href":"https:\/\/bangpremier.fr\/index.php\/wp-json\/wp\/v2\/media\/8938"}],"wp:attachment":[{"href":"https:\/\/bangpremier.fr\/index.php\/wp-json\/wp\/v2\/media?parent=8937"}],"wp:term":[{"taxonomy":"category","embeddable":true,"href":"https:\/\/bangpremier.fr\/index.php\/wp-json\/wp\/v2\/categories?post=8937"},{"taxonomy":"post_tag","embeddable":true,"href":"https:\/\/bangpremier.fr\/index.php\/wp-json\/wp\/v2\/tags?post=8937"}],"curies":[{"name":"wp","href":"https:\/\/api.w.org\/{rel}","templated":true}]}}