{"id":8664,"date":"2025-08-24T14:09:57","date_gmt":"2025-08-24T14:09:57","guid":{"rendered":"https:\/\/bangpremier.fr\/index.php\/2025\/08\/24\/le-port-dune-aide-auditive-peut-prevenir-la-demence\/"},"modified":"2025-08-24T14:09:59","modified_gmt":"2025-08-24T14:09:59","slug":"le-port-dune-aide-auditive-peut-prevenir-la-demence","status":"publish","type":"post","link":"https:\/\/bangpremier.fr\/index.php\/2025\/08\/24\/le-port-dune-aide-auditive-peut-prevenir-la-demence\/","title":{"rendered":"Le port d&#039;une aide auditive peut pr\u00e9venir la d\u00e9mence"},"content":{"rendered":"<p><b>2025-08-24 14:09:57<\/b><br \/>\n<BR>Les appareils auditifs peuvent pr\u00e9venir la d\u00e9mence.<BR><br \/>\nUne nouvelle \u00e9tude a r\u00e9v\u00e9l\u00e9 que les personnes \u00e2g\u00e9es de 60 ans qui portent ces appareils r\u00e9duisent de 61 % leur risque de d\u00e9velopper la maladie par rapport \u00e0 celles qui ne prennent aucune mesure pour traiter les premiers stades de la perte auditive.<BR><br \/>\nDe plus en plus de preuves montrent que la perte auditive joue un r\u00f4le cl\u00e9 dans les cas de d\u00e9mence, car la charge cognitive sur le cerveau augmente lorsque les personnes font des efforts pour entendre ce que disent les autres.<BR><br \/>\nDes chercheurs de l&#8217;universit\u00e9 du Texas et de l&#8217;universit\u00e9 de Pittsburgh aux \u00c9tats-Unis ont suivi des patients portant des appareils auditifs pendant 20 ans et ont d\u00e9couvert que ces appareils r\u00e9duisaient consid\u00e9rablement le risque de souffrir de troubles cognitifs, qui peuvent entra\u00eener des pertes de m\u00e9moire et des changements d&#8217;humeur et de comportement.<BR><br \/>\nLes experts ont conclu : &#8220;D&#8217;autres \u00e9tudes, notamment un essai clinique randomis\u00e9 et une m\u00e9ta-analyse exhaustive, ont sugg\u00e9r\u00e9 que les appareils auditifs ont un effet protecteur contre le d\u00e9veloppement de la d\u00e9mence. \u00c0 notre connaissance, cette \u00e9tude observationnelle est la premi\u00e8re \u00e0 avoir identifi\u00e9 que la r\u00e9duction du risque d\u00e9pend d&#8217;une intervention pr\u00e9coce en cas de perte auditive.&#8221;<br \/>\n<br \/><a href=\"https:\/\/bangpremier.com\/\" target=\"_blank\"> Visit Bang Premier (main website) <\/a><br \/>\n<br \/><script src=\"https:\/\/geo.dailymotion.com\/player\/xt7m2.js\" data-params=\"mute=true\"><\/script><\/p>\n","protected":false},"excerpt":{"rendered":"<p>2025-08-24 14:09:57 Les appareils auditifs peuvent pr\u00e9venir la d\u00e9mence. Une nouvelle \u00e9tude a r\u00e9v\u00e9l\u00e9 que les personnes \u00e2g\u00e9es de 60 ans qui portent ces appareils r\u00e9duisent de 61 % leur&hellip;<\/p>\n","protected":false},"author":1,"featured_media":8665,"comment_status":"closed","ping_status":"open","sticky":false,"template":"","format":"standard","meta":{"footnotes":""},"categories":[5],"tags":[],"class_list":["post-8664","post","type-post","status-publish","format-standard","has-post-thumbnail","hentry","category-technologie"],"_links":{"self":[{"href":"https:\/\/bangpremier.fr\/index.php\/wp-json\/wp\/v2\/posts\/8664","targetHints":{"allow":["GET"]}}],"collection":[{"href":"https:\/\/bangpremier.fr\/index.php\/wp-json\/wp\/v2\/posts"}],"about":[{"href":"https:\/\/bangpremier.fr\/index.php\/wp-json\/wp\/v2\/types\/post"}],"author":[{"embeddable":true,"href":"https:\/\/bangpremier.fr\/index.php\/wp-json\/wp\/v2\/users\/1"}],"replies":[{"embeddable":true,"href":"https:\/\/bangpremier.fr\/index.php\/wp-json\/wp\/v2\/comments?post=8664"}],"version-history":[{"count":1,"href":"https:\/\/bangpremier.fr\/index.php\/wp-json\/wp\/v2\/posts\/8664\/revisions"}],"predecessor-version":[{"id":8666,"href":"https:\/\/bangpremier.fr\/index.php\/wp-json\/wp\/v2\/posts\/8664\/revisions\/8666"}],"wp:featuredmedia":[{"embeddable":true,"href":"https:\/\/bangpremier.fr\/index.php\/wp-json\/wp\/v2\/media\/8665"}],"wp:attachment":[{"href":"https:\/\/bangpremier.fr\/index.php\/wp-json\/wp\/v2\/media?parent=8664"}],"wp:term":[{"taxonomy":"category","embeddable":true,"href":"https:\/\/bangpremier.fr\/index.php\/wp-json\/wp\/v2\/categories?post=8664"},{"taxonomy":"post_tag","embeddable":true,"href":"https:\/\/bangpremier.fr\/index.php\/wp-json\/wp\/v2\/tags?post=8664"}],"curies":[{"name":"wp","href":"https:\/\/api.w.org\/{rel}","templated":true}]}}