{"id":8650,"date":"2025-08-22T14:42:28","date_gmt":"2025-08-22T14:42:28","guid":{"rendered":"https:\/\/bangpremier.fr\/index.php\/2025\/08\/22\/le-prix-de-labonnement-a-apple-tv-augmente-a-nouveau\/"},"modified":"2025-08-22T14:42:29","modified_gmt":"2025-08-22T14:42:29","slug":"le-prix-de-labonnement-a-apple-tv-augmente-a-nouveau","status":"publish","type":"post","link":"https:\/\/bangpremier.fr\/index.php\/2025\/08\/22\/le-prix-de-labonnement-a-apple-tv-augmente-a-nouveau\/","title":{"rendered":"Le prix de l&#039;abonnement \u00e0 Apple TV+ augmente \u00e0 nouveau"},"content":{"rendered":"<p><b>2025-08-22 14:42:27<\/b><br \/>\n<BR>Le prix d&#8217;Apple TV+ augmente \u00e0 nouveau.<BR><br \/>\nLe service de streaming du g\u00e9ant technologique co\u00fbtera d\u00e9sormais 12,99 $ par mois pour les clients am\u00e9ricains, soit une augmentation de 3 $ par rapport \u00e0 son prix mensuel pr\u00e9c\u00e9dent de 9,99 $.<BR><br \/>\nApple a confirm\u00e9 qu&#8217;il augmentait le prix d&#8217;Apple TV+ aux \u00c9tats-Unis et sur certains march\u00e9s internationaux \u00e0 compter du jeudi 21 ao\u00fbt 2025 pour les nouveaux clients, tandis que les abonn\u00e9s existants verront cette augmentation entrer en vigueur dans les 30 jours suivant leur prochaine date de renouvellement.<BR><br \/>\nLa soci\u00e9t\u00e9 a justifi\u00e9 cette augmentation en soulignant qu&#8217;elle avait lanc\u00e9 plusieurs s\u00e9ries t\u00e9l\u00e9vis\u00e9es et films et que le service ne comprenait pas de publicit\u00e9s.<BR><br \/>\nApple TV+ reste le seul grand service de streaming \u00e0 ne pas proposer aux consommateurs un abonnement \u00e0 prix r\u00e9duit financ\u00e9 par la publicit\u00e9.<BR><br \/>\nLa soci\u00e9t\u00e9 a d\u00e9clar\u00e9 dans un communiqu\u00e9 : &#8220;Depuis son lancement, Apple TV+ a \u00e9largi sa vaste biblioth\u00e8que de centaines de contenus Apple Originals, avec des milliers d&#8217;heures de programmes premium dans tous les genres et de nouvelles sorties chaque semaine, le tout sans publicit\u00e9. Les abonn\u00e9s peuvent d\u00e9couvrir une offre riche en s\u00e9ries dramatiques palpitantes, en science-fiction \u00e9pique, en com\u00e9dies feel-good et en sports en direct.&#8221; <BR><br \/>\nC&#8217;est la troisi\u00e8me fois en autant d&#8217;ann\u00e9es que le prix d&#8217;Apple TV+ augmente, la derni\u00e8re hausse remontant \u00e0 2023, lorsqu&#8217;il est pass\u00e9 de 6,99 $ par mois \u00e0 9,99 $ par mois aux \u00c9tats-Unis.<br \/>\n<br \/><a href=\"https:\/\/bangpremier.com\/\" target=\"_blank\"> Visit Bang Premier (main website) <\/a><br \/>\n<br \/><script src=\"https:\/\/geo.dailymotion.com\/player\/xt7m2.js\" data-params=\"mute=true\"><\/script><\/p>\n","protected":false},"excerpt":{"rendered":"<p>2025-08-22 14:42:27 Le prix d&#8217;Apple TV+ augmente \u00e0 nouveau. Le service de streaming du g\u00e9ant technologique co\u00fbtera d\u00e9sormais 12,99 $ par mois pour les clients am\u00e9ricains, soit une augmentation de&hellip;<\/p>\n","protected":false},"author":1,"featured_media":3465,"comment_status":"closed","ping_status":"open","sticky":false,"template":"","format":"standard","meta":{"footnotes":""},"categories":[5],"tags":[],"class_list":["post-8650","post","type-post","status-publish","format-standard","has-post-thumbnail","hentry","category-technologie"],"_links":{"self":[{"href":"https:\/\/bangpremier.fr\/index.php\/wp-json\/wp\/v2\/posts\/8650","targetHints":{"allow":["GET"]}}],"collection":[{"href":"https:\/\/bangpremier.fr\/index.php\/wp-json\/wp\/v2\/posts"}],"about":[{"href":"https:\/\/bangpremier.fr\/index.php\/wp-json\/wp\/v2\/types\/post"}],"author":[{"embeddable":true,"href":"https:\/\/bangpremier.fr\/index.php\/wp-json\/wp\/v2\/users\/1"}],"replies":[{"embeddable":true,"href":"https:\/\/bangpremier.fr\/index.php\/wp-json\/wp\/v2\/comments?post=8650"}],"version-history":[{"count":1,"href":"https:\/\/bangpremier.fr\/index.php\/wp-json\/wp\/v2\/posts\/8650\/revisions"}],"predecessor-version":[{"id":8651,"href":"https:\/\/bangpremier.fr\/index.php\/wp-json\/wp\/v2\/posts\/8650\/revisions\/8651"}],"wp:featuredmedia":[{"embeddable":true,"href":"https:\/\/bangpremier.fr\/index.php\/wp-json\/wp\/v2\/media\/3465"}],"wp:attachment":[{"href":"https:\/\/bangpremier.fr\/index.php\/wp-json\/wp\/v2\/media?parent=8650"}],"wp:term":[{"taxonomy":"category","embeddable":true,"href":"https:\/\/bangpremier.fr\/index.php\/wp-json\/wp\/v2\/categories?post=8650"},{"taxonomy":"post_tag","embeddable":true,"href":"https:\/\/bangpremier.fr\/index.php\/wp-json\/wp\/v2\/tags?post=8650"}],"curies":[{"name":"wp","href":"https:\/\/api.w.org\/{rel}","templated":true}]}}