{"id":857,"date":"2024-05-21T14:11:52","date_gmt":"2024-05-21T14:11:52","guid":{"rendered":"https:\/\/bangpremier.fr\/index.php\/2024\/05\/21\/harry-potter-daniel-radcliffe-de-retour-dans-le-remake-tele-lacteur-repond\/"},"modified":"2024-05-21T14:11:54","modified_gmt":"2024-05-21T14:11:54","slug":"harry-potter-daniel-radcliffe-de-retour-dans-le-remake-tele-lacteur-repond","status":"publish","type":"post","link":"https:\/\/bangpremier.fr\/index.php\/2024\/05\/21\/harry-potter-daniel-radcliffe-de-retour-dans-le-remake-tele-lacteur-repond\/","title":{"rendered":"Harry Potter : Daniel Radcliffe de retour dans le remake t\u00e9l\u00e9 ? L&#039;acteur r\u00e9pond !"},"content":{"rendered":"<p><b>2024-05-21 14:11:52<\/b><br \/>\n<BR>Les fans de l&#8217;univers d&#8217;Harry Potter ont h\u00e2te de d\u00e9couvrir la prochaine adaptation des fameux livres de J.K. Rowling, laquelle sera sur nos \u00e9crans t\u00e9l\u00e9 en 2026, et certains se demandent \u00e9videmment si les acteurs principaux de la premi\u00e8re adaptation feront une apparition dans ce remake en guise de clin d&#8217;oeil aux films. \u00c0 ce sujet, Daniel Radcliffe a pr\u00e9f\u00e9r\u00e9 \u00eatre honn\u00eate et admettre qu&#8217;il ne trouverait pas \u00e7a id\u00e9al. <BR><br \/>\nIl a d\u00e9clar\u00e9 \u00e0 E! News :  &#8220;Je ne pense pas. Je pense qu&#8217;ils veulent tr\u00e8s judicieusement faire une pause. Et je ne sais pas si cela fonctionnerait si nous faisions partie de la s\u00e9rie. Je serai tr\u00e8s heureux de la visionner, comme tout le monde.&#8221;<BR><br \/>\nLorsqu&#8217;il lui a \u00e9t\u00e9 demand\u00e9 s&#8217;il y figurerait si on le lui proposait, Daniel a donn\u00e9 une r\u00e9ponse diplomatique et a insist\u00e9 sur le fait qu&#8217;il ne peut pas r\u00e9pondre \u00e0 cette question tant que personne ne l&#8217;a contact\u00e9.<BR><br \/>\n&#8220;Je vais \u00eatre un politicien et ne pas faire d&#8217;hypoth\u00e8ses&#8221; a-t-il expliqu\u00e9.<BR><br \/>\nSi la s\u00e9rie est cens\u00e9e sortir sur la plateforme Max en 2026, aucun d\u00e9cision n&#8217;a encore \u00e9t\u00e9 partag\u00e9e \u00e0 propos de la distribution.<br \/>\n<br \/><a href=\"https:\/\/bangpremier.com\/\" target=\"_blank\" rel=\"noopener\"> Visit Bang Premier (main website) <\/a><br \/>\n<br \/><script src=\"https:\/\/geo.dailymotion.com\/player\/xt7m2.js\" data-params=\"mute=true\"><\/script><\/p>\n","protected":false},"excerpt":{"rendered":"<p>2024-05-21 14:11:52 Les fans de l&#8217;univers d&#8217;Harry Potter ont h\u00e2te de d\u00e9couvrir la prochaine adaptation des fameux livres de J.K. Rowling, laquelle sera sur nos \u00e9crans t\u00e9l\u00e9 en 2026, et&hellip;<\/p>\n","protected":false},"author":1,"featured_media":858,"comment_status":"closed","ping_status":"open","sticky":false,"template":"","format":"standard","meta":{"footnotes":""},"categories":[1],"tags":[],"class_list":["post-857","post","type-post","status-publish","format-standard","has-post-thumbnail","hentry","category-people"],"_links":{"self":[{"href":"https:\/\/bangpremier.fr\/index.php\/wp-json\/wp\/v2\/posts\/857","targetHints":{"allow":["GET"]}}],"collection":[{"href":"https:\/\/bangpremier.fr\/index.php\/wp-json\/wp\/v2\/posts"}],"about":[{"href":"https:\/\/bangpremier.fr\/index.php\/wp-json\/wp\/v2\/types\/post"}],"author":[{"embeddable":true,"href":"https:\/\/bangpremier.fr\/index.php\/wp-json\/wp\/v2\/users\/1"}],"replies":[{"embeddable":true,"href":"https:\/\/bangpremier.fr\/index.php\/wp-json\/wp\/v2\/comments?post=857"}],"version-history":[{"count":1,"href":"https:\/\/bangpremier.fr\/index.php\/wp-json\/wp\/v2\/posts\/857\/revisions"}],"predecessor-version":[{"id":859,"href":"https:\/\/bangpremier.fr\/index.php\/wp-json\/wp\/v2\/posts\/857\/revisions\/859"}],"wp:featuredmedia":[{"embeddable":true,"href":"https:\/\/bangpremier.fr\/index.php\/wp-json\/wp\/v2\/media\/858"}],"wp:attachment":[{"href":"https:\/\/bangpremier.fr\/index.php\/wp-json\/wp\/v2\/media?parent=857"}],"wp:term":[{"taxonomy":"category","embeddable":true,"href":"https:\/\/bangpremier.fr\/index.php\/wp-json\/wp\/v2\/categories?post=857"},{"taxonomy":"post_tag","embeddable":true,"href":"https:\/\/bangpremier.fr\/index.php\/wp-json\/wp\/v2\/tags?post=857"}],"curies":[{"name":"wp","href":"https:\/\/api.w.org\/{rel}","templated":true}]}}