{"id":815,"date":"2024-05-20T14:30:02","date_gmt":"2024-05-20T14:30:02","guid":{"rendered":"https:\/\/bangpremier.fr\/index.php\/2024\/05\/20\/le-prince-edward-fait-de-rares-confidences-sur-la-mort-de-la-reine-elizabeth\/"},"modified":"2024-05-20T14:30:04","modified_gmt":"2024-05-20T14:30:04","slug":"le-prince-edward-fait-de-rares-confidences-sur-la-mort-de-la-reine-elizabeth","status":"publish","type":"post","link":"https:\/\/bangpremier.fr\/index.php\/2024\/05\/20\/le-prince-edward-fait-de-rares-confidences-sur-la-mort-de-la-reine-elizabeth\/","title":{"rendered":"Le prince Edward fait de rares confidences sur la mort de la reine Elizabeth"},"content":{"rendered":"<p><b>2024-05-20 14:30:02<\/b><br \/>\n<BR>Le prince Edward a admis que la mort de la reine Elizabeth avait \u00e9t\u00e9 &#8220;d&#8217;autant plus \u00e9mouvante&#8221; car elle est survenue si peu de temps apr\u00e8s celle du prince Philip.<BR><br \/>\nLe duc d&#8217;\u00c9dimbourg a perdu sa m\u00e8re en septembre 2022, 17 mois seulement apr\u00e8s le d\u00e9c\u00e8s de son p\u00e8re, et il a admis que la disparition de la monarque avait \u00e9t\u00e9 plus difficile \u00e0 vivre parce que lui et sa famille pleuraient encore le d\u00e9c\u00e8s du prince Philip.<BR><br \/>\nEdward s&#8217;est ouvert \u00e0 ce sujet alors qu&#8217;il rempla\u00e7ait son fr\u00e8re, le roi Charles, en tant que Lord High Commissioner lors de l&#8217;assembl\u00e9e g\u00e9n\u00e9rale de l&#8217;\u00c9glise d&#8217;\u00c9cosse \u00e0 \u00c9dimbourg ce week-end.<BR><br \/>\nS&#8217;adressant au groupe, Edward a rendu un &#8220;hommage personnel&#8221; aux chefs religieux pour le soutien qu&#8217;ils ont apport\u00e9 \u00e0 la famille royale apr\u00e8s le d\u00e9c\u00e8s de la reine.<BR><br \/>\nIl a d\u00e9clar\u00e9 : &#8220;Pour ma part, je tiens \u00e0 rendre un hommage personnel aux aum\u00f4niers des chapelles royales et en particulier \u00e0 ceux qui se trouvent ici en \u00c9cosse.. Qui pourrait oublier les sc\u00e8nes qui ont suivi le d\u00e9c\u00e8s de ma m\u00e8re ? Le d\u00e9versement d&#8217;\u00e9motions, la d\u00e9monstration de respect, d&#8217;amour et de chagrin ont \u00e9t\u00e9 bouleversants et c&#8217;est un privil\u00e8ge de les vivre et de les contempler. Je pense pouvoir parler au nom de toute ma famille en disant que nous resterons \u00e0 jamais reconnaissants de ce soutien&#8221;.<br \/>\n<br \/><a href=\"https:\/\/bangpremier.com\/\" target=\"_blank\" rel=\"noopener\"> Visit Bang Premier (main website) <\/a><br \/>\n<br \/><script src=\"https:\/\/geo.dailymotion.com\/player\/xt7m2.js\" data-params=\"mute=true\"><\/script><\/p>\n","protected":false},"excerpt":{"rendered":"<p>2024-05-20 14:30:02 Le prince Edward a admis que la mort de la reine Elizabeth avait \u00e9t\u00e9 &#8220;d&#8217;autant plus \u00e9mouvante&#8221; car elle est survenue si peu de temps apr\u00e8s celle du&hellip;<\/p>\n","protected":false},"author":1,"featured_media":816,"comment_status":"closed","ping_status":"open","sticky":false,"template":"","format":"standard","meta":{"footnotes":""},"categories":[1],"tags":[],"class_list":["post-815","post","type-post","status-publish","format-standard","has-post-thumbnail","hentry","category-people"],"_links":{"self":[{"href":"https:\/\/bangpremier.fr\/index.php\/wp-json\/wp\/v2\/posts\/815","targetHints":{"allow":["GET"]}}],"collection":[{"href":"https:\/\/bangpremier.fr\/index.php\/wp-json\/wp\/v2\/posts"}],"about":[{"href":"https:\/\/bangpremier.fr\/index.php\/wp-json\/wp\/v2\/types\/post"}],"author":[{"embeddable":true,"href":"https:\/\/bangpremier.fr\/index.php\/wp-json\/wp\/v2\/users\/1"}],"replies":[{"embeddable":true,"href":"https:\/\/bangpremier.fr\/index.php\/wp-json\/wp\/v2\/comments?post=815"}],"version-history":[{"count":1,"href":"https:\/\/bangpremier.fr\/index.php\/wp-json\/wp\/v2\/posts\/815\/revisions"}],"predecessor-version":[{"id":817,"href":"https:\/\/bangpremier.fr\/index.php\/wp-json\/wp\/v2\/posts\/815\/revisions\/817"}],"wp:featuredmedia":[{"embeddable":true,"href":"https:\/\/bangpremier.fr\/index.php\/wp-json\/wp\/v2\/media\/816"}],"wp:attachment":[{"href":"https:\/\/bangpremier.fr\/index.php\/wp-json\/wp\/v2\/media?parent=815"}],"wp:term":[{"taxonomy":"category","embeddable":true,"href":"https:\/\/bangpremier.fr\/index.php\/wp-json\/wp\/v2\/categories?post=815"},{"taxonomy":"post_tag","embeddable":true,"href":"https:\/\/bangpremier.fr\/index.php\/wp-json\/wp\/v2\/tags?post=815"}],"curies":[{"name":"wp","href":"https:\/\/api.w.org\/{rel}","templated":true}]}}