{"id":809,"date":"2024-05-20T11:32:05","date_gmt":"2024-05-20T11:32:05","guid":{"rendered":"https:\/\/bangpremier.fr\/index.php\/2024\/05\/20\/cher-prevoit-de-crier-sous-son-oreiller-lorsquelle-atteindra-78-ans\/"},"modified":"2024-05-20T11:32:06","modified_gmt":"2024-05-20T11:32:06","slug":"cher-prevoit-de-crier-sous-son-oreiller-lorsquelle-atteindra-78-ans","status":"publish","type":"post","link":"https:\/\/bangpremier.fr\/index.php\/2024\/05\/20\/cher-prevoit-de-crier-sous-son-oreiller-lorsquelle-atteindra-78-ans\/","title":{"rendered":"Cher pr\u00e9voit de &quot;crier sous son oreiller&quot; lorsqu&#039;elle atteindra 78 ans"},"content":{"rendered":"<p><b>2024-05-20 11:32:05<\/b><br \/>\n<BR>Cher d\u00e9teste tellement l&#8217;id\u00e9e d&#8217;avoir 78 ans qu&#8217;elle pr\u00e9voit de marquer cet anniversaire en criant sous son oreiller.<BR><br \/>\nLa chanteuse de &#8220;If I Could Turn Back Time&#8221;, qui f\u00eate cette nouvelle \u00e9tape ce lundi 20 mai, s&#8217;est exprim\u00e9e sans d\u00e9tour sur ce sujet lors de la premi\u00e8re du documentaire &#8220;Bob Mackie : Naked Illusion&#8221; au Paley Center de Los Angeles.<BR><br \/>\nInterrog\u00e9e par Entertainment Tonight sur ses projets pour le grand jour, elle a d\u00e9clar\u00e9 : &#8220;Mettre mon oreiller sur ma t\u00eate et crier&#8221;.<BR><br \/>\nInterrog\u00e9e \u00e0 nouveau sur son anniversaire par E ! News, la chanteuse de &#8216;Believe&#8217; a r\u00e9p\u00e9t\u00e9 : &#8220;Je vais mettre ma t\u00eate sous le lit&#8221;.<BR><br \/>\nL&#8217;ann\u00e9e derni\u00e8re, Cher a c\u00e9l\u00e9br\u00e9 son 77\u00e8me anniversaire sur X en demandant quand elle commencerait \u00e0 sentir son \u00e2ge.<BR><br \/>\nElle a post\u00e9 le message suivant : &#8220;Ok, est-ce que quelqu&#8217;un peut me dire&#8230;..Quand est-ce que je me sentirai vieille ? C&#8217;est ridicule. Je n&#8217;arr\u00eate pas d&#8217;entendre ces chiffres, mais je ne les comprends vraiment pas. C&#8217;est quoi le probl\u00e8me avec les nombres ? Je suis dyslexique et les chiffres sont difficiles pour moi&#8221;.<BR><br \/>\nElle a ajout\u00e9 \u00e0 l&#8217;attention de ses fans : &#8220;Merci d&#8217;\u00eatre rest\u00e9s, je sais que \u00e7a a \u00e9t\u00e9 dur. Je dois aller m&#8217;entra\u00eener. Twitter est plus difficile pour moi que TweetBot&#8221;.<BR><br \/>\nEn novembre, Cher a confi\u00e9 \u00e0 l&#8217;\u00e9mission &#8220;Good Morning Britain&#8221; ce qu&#8217;elle pensait du vieillissement : &#8220;Je n&#8217;arrive pas \u00e0 croire que j&#8217;aurai 80 ans \u00e0 un moment donn\u00e9, plus t\u00f4t que je ne le souhaite. Et je porterai toujours mes jeans, j&#8217;aurai toujours les cheveux longs et je ferai toujours les m\u00eames choses que j&#8217;ai toujours faites.&#8221;<br \/>\n<br \/><a href=\"https:\/\/bangpremier.com\/\" target=\"_blank\" rel=\"noopener\"> Visit Bang Premier (main website) <\/a><br \/>\n<br \/><script src=\"https:\/\/geo.dailymotion.com\/player\/xt7m2.js\" data-params=\"mute=true\"><\/script><\/p>\n","protected":false},"excerpt":{"rendered":"<p>2024-05-20 11:32:05 Cher d\u00e9teste tellement l&#8217;id\u00e9e d&#8217;avoir 78 ans qu&#8217;elle pr\u00e9voit de marquer cet anniversaire en criant sous son oreiller. La chanteuse de &#8220;If I Could Turn Back Time&#8221;, qui&hellip;<\/p>\n","protected":false},"author":1,"featured_media":810,"comment_status":"closed","ping_status":"open","sticky":false,"template":"","format":"standard","meta":{"footnotes":""},"categories":[1],"tags":[],"class_list":["post-809","post","type-post","status-publish","format-standard","has-post-thumbnail","hentry","category-people"],"_links":{"self":[{"href":"https:\/\/bangpremier.fr\/index.php\/wp-json\/wp\/v2\/posts\/809","targetHints":{"allow":["GET"]}}],"collection":[{"href":"https:\/\/bangpremier.fr\/index.php\/wp-json\/wp\/v2\/posts"}],"about":[{"href":"https:\/\/bangpremier.fr\/index.php\/wp-json\/wp\/v2\/types\/post"}],"author":[{"embeddable":true,"href":"https:\/\/bangpremier.fr\/index.php\/wp-json\/wp\/v2\/users\/1"}],"replies":[{"embeddable":true,"href":"https:\/\/bangpremier.fr\/index.php\/wp-json\/wp\/v2\/comments?post=809"}],"version-history":[{"count":1,"href":"https:\/\/bangpremier.fr\/index.php\/wp-json\/wp\/v2\/posts\/809\/revisions"}],"predecessor-version":[{"id":811,"href":"https:\/\/bangpremier.fr\/index.php\/wp-json\/wp\/v2\/posts\/809\/revisions\/811"}],"wp:featuredmedia":[{"embeddable":true,"href":"https:\/\/bangpremier.fr\/index.php\/wp-json\/wp\/v2\/media\/810"}],"wp:attachment":[{"href":"https:\/\/bangpremier.fr\/index.php\/wp-json\/wp\/v2\/media?parent=809"}],"wp:term":[{"taxonomy":"category","embeddable":true,"href":"https:\/\/bangpremier.fr\/index.php\/wp-json\/wp\/v2\/categories?post=809"},{"taxonomy":"post_tag","embeddable":true,"href":"https:\/\/bangpremier.fr\/index.php\/wp-json\/wp\/v2\/tags?post=809"}],"curies":[{"name":"wp","href":"https:\/\/api.w.org\/{rel}","templated":true}]}}