{"id":7632,"date":"2025-06-16T08:20:39","date_gmt":"2025-06-16T08:20:39","guid":{"rendered":"https:\/\/bangpremier.fr\/index.php\/2025\/06\/16\/michael-jackson-sa-fille-paris-defend-sa-decision-de-donner-un-concert-le-jour-de-lanniversaire-de-sa-mort\/"},"modified":"2025-06-16T08:20:41","modified_gmt":"2025-06-16T08:20:41","slug":"michael-jackson-sa-fille-paris-defend-sa-decision-de-donner-un-concert-le-jour-de-lanniversaire-de-sa-mort","status":"publish","type":"post","link":"https:\/\/bangpremier.fr\/index.php\/2025\/06\/16\/michael-jackson-sa-fille-paris-defend-sa-decision-de-donner-un-concert-le-jour-de-lanniversaire-de-sa-mort\/","title":{"rendered":"Michael Jackson : sa fille Paris d\u00e9fend sa d\u00e9cision de donner un concert le jour de l&#039;anniversaire de sa mort"},"content":{"rendered":"<p><b>2025-06-16 08:20:39<\/b><br \/>\n<BR>Paris Jackson, la fille de Michael Jackson, a d\u00e9fendu sa d\u00e9cision de donner un concert le jour de l&#8217;anniversaire de la mort de son p\u00e8re.<BR><br \/>\nLe roi de la pop est d\u00e9c\u00e9d\u00e9 le 25 juin 2009 \u00e0 l&#8217;\u00e2ge de 50 ans apr\u00e8s une overdose de m\u00e9dicaments et Paris, 27 ans, doit se produire \u00e0 la Bridgestone Arena de Nashville \u00e0 cette date. <BR><br \/>\nDans une vid\u00e9o post\u00e9e sur Instagram, elle a expliqu\u00e9 : &#8220;Alors, les gens sont de nouveau en col\u00e8re. L&#8217;une des dates de la tourn\u00e9e que je suis cens\u00e9e faire avec Incubus et Manchester Orchestra se trouve \u00eatre le 25 juin, ce qui est un anniversaire tr\u00e8s n\u00e9gatif pour moi dans ma vie et ma famille. Ce que je dois expliquer \u00e0 ces gens, c&#8217;est que lorsque vous \u00eates le premier de trois artistes et que vous n&#8217;\u00eates pas la t\u00eate d&#8217;affiche de ces concerts, vous ne choisissez pas la date \u00e0 laquelle vous vous produisez, ni l&#8217;heure \u00e0 laquelle vous montez sur sc\u00e8ne, ni la ville dans laquelle vous vous produisez.&#8221;<br \/>\n<br \/><a href=\"https:\/\/bangpremier.com\/\" target=\"_blank\"> Visit Bang Premier (main website) <\/a><br \/>\n<br \/><script src=\"https:\/\/geo.dailymotion.com\/player\/xt7m2.js\" data-params=\"mute=true\"><\/script><\/p>\n","protected":false},"excerpt":{"rendered":"<p>2025-06-16 08:20:39 Paris Jackson, la fille de Michael Jackson, a d\u00e9fendu sa d\u00e9cision de donner un concert le jour de l&#8217;anniversaire de la mort de son p\u00e8re. Le roi de&hellip;<\/p>\n","protected":false},"author":1,"featured_media":7633,"comment_status":"closed","ping_status":"open","sticky":false,"template":"","format":"standard","meta":{"footnotes":""},"categories":[1],"tags":[],"class_list":["post-7632","post","type-post","status-publish","format-standard","has-post-thumbnail","hentry","category-people"],"_links":{"self":[{"href":"https:\/\/bangpremier.fr\/index.php\/wp-json\/wp\/v2\/posts\/7632","targetHints":{"allow":["GET"]}}],"collection":[{"href":"https:\/\/bangpremier.fr\/index.php\/wp-json\/wp\/v2\/posts"}],"about":[{"href":"https:\/\/bangpremier.fr\/index.php\/wp-json\/wp\/v2\/types\/post"}],"author":[{"embeddable":true,"href":"https:\/\/bangpremier.fr\/index.php\/wp-json\/wp\/v2\/users\/1"}],"replies":[{"embeddable":true,"href":"https:\/\/bangpremier.fr\/index.php\/wp-json\/wp\/v2\/comments?post=7632"}],"version-history":[{"count":1,"href":"https:\/\/bangpremier.fr\/index.php\/wp-json\/wp\/v2\/posts\/7632\/revisions"}],"predecessor-version":[{"id":7634,"href":"https:\/\/bangpremier.fr\/index.php\/wp-json\/wp\/v2\/posts\/7632\/revisions\/7634"}],"wp:featuredmedia":[{"embeddable":true,"href":"https:\/\/bangpremier.fr\/index.php\/wp-json\/wp\/v2\/media\/7633"}],"wp:attachment":[{"href":"https:\/\/bangpremier.fr\/index.php\/wp-json\/wp\/v2\/media?parent=7632"}],"wp:term":[{"taxonomy":"category","embeddable":true,"href":"https:\/\/bangpremier.fr\/index.php\/wp-json\/wp\/v2\/categories?post=7632"},{"taxonomy":"post_tag","embeddable":true,"href":"https:\/\/bangpremier.fr\/index.php\/wp-json\/wp\/v2\/tags?post=7632"}],"curies":[{"name":"wp","href":"https:\/\/api.w.org\/{rel}","templated":true}]}}