{"id":729,"date":"2024-05-17T10:28:48","date_gmt":"2024-05-17T10:28:48","guid":{"rendered":"https:\/\/bangpremier.fr\/index.php\/2024\/05\/17\/ederson-va-manquer-les-deux-derniers-matches-de-manchester-city\/"},"modified":"2024-05-17T10:28:50","modified_gmt":"2024-05-17T10:28:50","slug":"ederson-va-manquer-les-deux-derniers-matches-de-manchester-city","status":"publish","type":"post","link":"https:\/\/bangpremier.fr\/index.php\/2024\/05\/17\/ederson-va-manquer-les-deux-derniers-matches-de-manchester-city\/","title":{"rendered":"Ederson va manquer les deux derniers matches de Manchester City"},"content":{"rendered":"<p><b>2024-05-17 10:28:48<\/b><br \/>\n<BR>Ederson va manquer les deux derniers matches de Manchester City cette saison apr\u00e8s s\u2019\u00eatre bless\u00e9 lors de la rencontre face \u00e0 Tottenham en d\u00e9but de semaine.<BR><br \/>\nLe gardien de but br\u00e9silien a subi une fracture \u00e0 l\u2019orbite droite et ne pourra donc pas jouer face \u00e0 West Ham ce week-end lors de la derni\u00e8re journ\u00e9e de Premier et la finale de FA Cup face \u00e0 Manchester United.<BR><br \/>\nEderson avait \u00e9t\u00e9 sorti du terrain par pr\u00e9caution apr\u00e8s un contact avec le d\u00e9fenseur Cristian Romero.<BR><br \/>\nApr\u00e8s la rencontre, Pep Guardiola avait tenu \u00e0 rassurer sur la sant\u00e9 de son joueur qui n\u2019a pas subi de commotion comme certains l\u2019avaient affirm\u00e9.<BR><br \/>\nC\u2019est ainsi Stefan Ortega qui sera titularis\u00e9 pour les deux derni\u00e8res rencontres de la saison, ce dernier ayant disput\u00e9 18 matches avec City cette saison.<BR><br \/>\nMalgr\u00e9 sa blessure, Ederson devrait \u00eatre apte \u00e0 prendre part \u00e0 la Copa America qui d\u00e9bute le 20 juin prochain.<br \/>\n<br \/><a href=\"https:\/\/bangpremier.com\/\" target=\"_blank\" rel=\"noopener\"> Visit Bang Premier (main website) <\/a><\/p>\n","protected":false},"excerpt":{"rendered":"<p>2024-05-17 10:28:48 Ederson va manquer les deux derniers matches de Manchester City cette saison apr\u00e8s s\u2019\u00eatre bless\u00e9 lors de la rencontre face \u00e0 Tottenham en d\u00e9but de semaine. Le gardien&hellip;<\/p>\n","protected":false},"author":1,"featured_media":730,"comment_status":"closed","ping_status":"open","sticky":false,"template":"","format":"standard","meta":{"footnotes":""},"categories":[4],"tags":[],"class_list":["post-729","post","type-post","status-publish","format-standard","has-post-thumbnail","hentry","category-sport"],"_links":{"self":[{"href":"https:\/\/bangpremier.fr\/index.php\/wp-json\/wp\/v2\/posts\/729","targetHints":{"allow":["GET"]}}],"collection":[{"href":"https:\/\/bangpremier.fr\/index.php\/wp-json\/wp\/v2\/posts"}],"about":[{"href":"https:\/\/bangpremier.fr\/index.php\/wp-json\/wp\/v2\/types\/post"}],"author":[{"embeddable":true,"href":"https:\/\/bangpremier.fr\/index.php\/wp-json\/wp\/v2\/users\/1"}],"replies":[{"embeddable":true,"href":"https:\/\/bangpremier.fr\/index.php\/wp-json\/wp\/v2\/comments?post=729"}],"version-history":[{"count":1,"href":"https:\/\/bangpremier.fr\/index.php\/wp-json\/wp\/v2\/posts\/729\/revisions"}],"predecessor-version":[{"id":731,"href":"https:\/\/bangpremier.fr\/index.php\/wp-json\/wp\/v2\/posts\/729\/revisions\/731"}],"wp:featuredmedia":[{"embeddable":true,"href":"https:\/\/bangpremier.fr\/index.php\/wp-json\/wp\/v2\/media\/730"}],"wp:attachment":[{"href":"https:\/\/bangpremier.fr\/index.php\/wp-json\/wp\/v2\/media?parent=729"}],"wp:term":[{"taxonomy":"category","embeddable":true,"href":"https:\/\/bangpremier.fr\/index.php\/wp-json\/wp\/v2\/categories?post=729"},{"taxonomy":"post_tag","embeddable":true,"href":"https:\/\/bangpremier.fr\/index.php\/wp-json\/wp\/v2\/tags?post=729"}],"curies":[{"name":"wp","href":"https:\/\/api.w.org\/{rel}","templated":true}]}}