{"id":723,"date":"2024-05-17T10:22:53","date_gmt":"2024-05-17T10:22:53","guid":{"rendered":"https:\/\/bangpremier.fr\/index.php\/2024\/05\/17\/selena-gomez-a-trouve-cela-liberateur-de-parler-de-sa-sante-mentale-jai-raconte-mon-histoire\/"},"modified":"2024-05-17T10:22:55","modified_gmt":"2024-05-17T10:22:55","slug":"selena-gomez-a-trouve-cela-liberateur-de-parler-de-sa-sante-mentale-jai-raconte-mon-histoire","status":"publish","type":"post","link":"https:\/\/bangpremier.fr\/index.php\/2024\/05\/17\/selena-gomez-a-trouve-cela-liberateur-de-parler-de-sa-sante-mentale-jai-raconte-mon-histoire\/","title":{"rendered":"Selena Gomez a trouv\u00e9 cela lib\u00e9rateur de parler de sa sant\u00e9 mentale : &quot;J&#039;ai racont\u00e9 mon histoire&quot;"},"content":{"rendered":"<p><b>2024-05-17 10:22:53<\/b><br \/>\n<BR>Selena Gomez a trouv\u00e9 cela lib\u00e9rateur de s&#8217;ouvrir sur ses probl\u00e8mes de sant\u00e9 mentale.<BR><br \/>\nL&#8217;actrice de 31 ans, qui a connu la gloire \u00e0 l&#8217;adolescence lorsqu&#8217;elle a obtenu le r\u00f4le principal dans &#8220;Les Sorciers de Waverly Place&#8221; sur Disney Channel, a r\u00e9v\u00e9l\u00e9 qu&#8217;elle souffre d&#8217;un trouble bipolaire en 2020. Elle a ensuite document\u00e9 son parcours dans son film  &#8220;My Mind and Me&#8221; et a insist\u00e9 sur le fait qu&#8217;elle ferait &#8220;n&#8217;importe quoi pour aider&#8221; quelqu&#8217;un d&#8217;autre \u00e0 traverser la m\u00eame exp\u00e9rience.<BR><br \/>\nS&#8217;exprimant sur le podcast &#8220;Making Space&#8221;, elle a confi\u00e9 \u00e0 l&#8217;animatrice Hoda Kotb : &#8220;Je suis une personne aimante, attentionn\u00e9e&#8230; et une personne qui veut sinc\u00e8rement faire n&#8217;importe quoi pour aider les gens. Je pense que la vie peut \u00eatre distrayante, qu&#8217;il y a tellement de bruit, et que les gros titres ne me font plus peur parce que j&#8217;ai revendiqu\u00e9 ma propre histoire. J&#8217;ai racont\u00e9 mon histoire et j&#8217;ai trouv\u00e9 cela lib\u00e9rateur.&#8221;<BR><br \/>\nLa star de &#8220;Only Murders in the Building&#8221; a r\u00e9cemment organis\u00e9 un \u00e9v\u00e9nement sp\u00e9cial pour son fonds Rare Impact et, apr\u00e8s avoir r\u00e9colt\u00e9 des millions pour aider ceux qui luttent contre leur sant\u00e9 mentale, a r\u00e9v\u00e9l\u00e9 qu&#8217;elle avait &#8220;tellement d&#8217;espoir&#8221; pour la prochaine g\u00e9n\u00e9ration.<BR><br \/>\nElle a \u00e9crit sur Instagram : &#8220;Notre 3e sommet annuel sur la sant\u00e9 mentale @rarebeauty m&#8217;a permis de repartir inspir\u00e9e par la prochaine g\u00e9n\u00e9ration, remplie de tant d&#8217;espoir, et reconnaissante envers chacun d&#8217;entre vous d&#8217;avoir particip\u00e9 \u00e0 cette exp\u00e9rience avec nous.&#8221;<br \/>\n<br \/><a href=\"https:\/\/bangpremier.com\/\" target=\"_blank\" rel=\"noopener\"> Visit Bang Premier (main website) <\/a><\/p>\n","protected":false},"excerpt":{"rendered":"<p>2024-05-17 10:22:53 Selena Gomez a trouv\u00e9 cela lib\u00e9rateur de s&#8217;ouvrir sur ses probl\u00e8mes de sant\u00e9 mentale. L&#8217;actrice de 31 ans, qui a connu la gloire \u00e0 l&#8217;adolescence lorsqu&#8217;elle a obtenu&hellip;<\/p>\n","protected":false},"author":1,"featured_media":724,"comment_status":"closed","ping_status":"open","sticky":false,"template":"","format":"standard","meta":{"footnotes":""},"categories":[1],"tags":[],"class_list":["post-723","post","type-post","status-publish","format-standard","has-post-thumbnail","hentry","category-people"],"_links":{"self":[{"href":"https:\/\/bangpremier.fr\/index.php\/wp-json\/wp\/v2\/posts\/723","targetHints":{"allow":["GET"]}}],"collection":[{"href":"https:\/\/bangpremier.fr\/index.php\/wp-json\/wp\/v2\/posts"}],"about":[{"href":"https:\/\/bangpremier.fr\/index.php\/wp-json\/wp\/v2\/types\/post"}],"author":[{"embeddable":true,"href":"https:\/\/bangpremier.fr\/index.php\/wp-json\/wp\/v2\/users\/1"}],"replies":[{"embeddable":true,"href":"https:\/\/bangpremier.fr\/index.php\/wp-json\/wp\/v2\/comments?post=723"}],"version-history":[{"count":1,"href":"https:\/\/bangpremier.fr\/index.php\/wp-json\/wp\/v2\/posts\/723\/revisions"}],"predecessor-version":[{"id":725,"href":"https:\/\/bangpremier.fr\/index.php\/wp-json\/wp\/v2\/posts\/723\/revisions\/725"}],"wp:featuredmedia":[{"embeddable":true,"href":"https:\/\/bangpremier.fr\/index.php\/wp-json\/wp\/v2\/media\/724"}],"wp:attachment":[{"href":"https:\/\/bangpremier.fr\/index.php\/wp-json\/wp\/v2\/media?parent=723"}],"wp:term":[{"taxonomy":"category","embeddable":true,"href":"https:\/\/bangpremier.fr\/index.php\/wp-json\/wp\/v2\/categories?post=723"},{"taxonomy":"post_tag","embeddable":true,"href":"https:\/\/bangpremier.fr\/index.php\/wp-json\/wp\/v2\/tags?post=723"}],"curies":[{"name":"wp","href":"https:\/\/api.w.org\/{rel}","templated":true}]}}