{"id":703,"date":"2024-05-16T12:17:23","date_gmt":"2024-05-16T12:17:23","guid":{"rendered":"https:\/\/bangpremier.fr\/index.php\/2024\/05\/16\/rafael-nadal-se-sent-bien-et-pret-a-disputer-roland-garros\/"},"modified":"2024-05-16T12:17:25","modified_gmt":"2024-05-16T12:17:25","slug":"rafael-nadal-se-sent-bien-et-pret-a-disputer-roland-garros","status":"publish","type":"post","link":"https:\/\/bangpremier.fr\/index.php\/2024\/05\/16\/rafael-nadal-se-sent-bien-et-pret-a-disputer-roland-garros\/","title":{"rendered":"Rafael Nadal se sent \u2018bien\u2019 et pr\u00eat \u00e0 disputer Roland-Garros"},"content":{"rendered":"<p><b>2024-05-16 12:17:23<\/b><br \/>\n<BR>Rafael Nadal se sent \u00ab\u00a0bien\u00a0\u00bb et s\u2019est rendu en France pour disputer vraisemblablement son dernier tournoi de Roland-Garros.<BR><br \/>\nLe tennisman espagnol, qui est le d\u00e9tenteur du plus grand nombre de victoires de ce tournoi, devrait prendre sa retraite cette ann\u00e9e mais il esp\u00e8re tout de m\u00eame faire forte impression pour sa derni\u00e8re apparition.<BR><br \/>\nSelon le m\u00e9dia espagnol AS, le sportif se sent \u00ab\u00a0bien\u00a0\u00bb et \u00ab\u00a0moins d\u00e9prim\u00e9\u00a0\u00bb que pr\u00e9vu apr\u00e8s son \u00e9limination de l\u2019Open de Rome.<BR><br \/>\nNadal pourrait possiblement prendre part aux Jeux olympiques de Paris en juillet prochain mais tout d\u00e9pendra de sa sant\u00e9.<BR><br \/>\nDe son c\u00f4t\u00e9, Carlo Alcaraz r\u00eave de jouer en double avec son compatriote aux JO.<BR><br \/>\nIl a d\u00e9clar\u00e9 : \u00ab\u00a0Ce serait un r\u00eave. Non seulement gagner une m\u00e9daille en simple ou en double, mais aussi vivre l&#8217;exp\u00e9rience d&#8217;un double avec son idole serait un souvenir que je garderais avec une affection particuli\u00e8re.\u00a0\u00bb<br \/>\n<br \/><a href=\"https:\/\/bangpremier.com\/\" target=\"_blank\" rel=\"noopener\"> Visit Bang Premier (main website) <\/a><\/p>\n","protected":false},"excerpt":{"rendered":"<p>2024-05-16 12:17:23 Rafael Nadal se sent \u00ab\u00a0bien\u00a0\u00bb et s\u2019est rendu en France pour disputer vraisemblablement son dernier tournoi de Roland-Garros. Le tennisman espagnol, qui est le d\u00e9tenteur du plus grand&hellip;<\/p>\n","protected":false},"author":1,"featured_media":704,"comment_status":"closed","ping_status":"open","sticky":false,"template":"","format":"standard","meta":{"footnotes":""},"categories":[4],"tags":[],"class_list":["post-703","post","type-post","status-publish","format-standard","has-post-thumbnail","hentry","category-sport"],"_links":{"self":[{"href":"https:\/\/bangpremier.fr\/index.php\/wp-json\/wp\/v2\/posts\/703","targetHints":{"allow":["GET"]}}],"collection":[{"href":"https:\/\/bangpremier.fr\/index.php\/wp-json\/wp\/v2\/posts"}],"about":[{"href":"https:\/\/bangpremier.fr\/index.php\/wp-json\/wp\/v2\/types\/post"}],"author":[{"embeddable":true,"href":"https:\/\/bangpremier.fr\/index.php\/wp-json\/wp\/v2\/users\/1"}],"replies":[{"embeddable":true,"href":"https:\/\/bangpremier.fr\/index.php\/wp-json\/wp\/v2\/comments?post=703"}],"version-history":[{"count":1,"href":"https:\/\/bangpremier.fr\/index.php\/wp-json\/wp\/v2\/posts\/703\/revisions"}],"predecessor-version":[{"id":705,"href":"https:\/\/bangpremier.fr\/index.php\/wp-json\/wp\/v2\/posts\/703\/revisions\/705"}],"wp:featuredmedia":[{"embeddable":true,"href":"https:\/\/bangpremier.fr\/index.php\/wp-json\/wp\/v2\/media\/704"}],"wp:attachment":[{"href":"https:\/\/bangpremier.fr\/index.php\/wp-json\/wp\/v2\/media?parent=703"}],"wp:term":[{"taxonomy":"category","embeddable":true,"href":"https:\/\/bangpremier.fr\/index.php\/wp-json\/wp\/v2\/categories?post=703"},{"taxonomy":"post_tag","embeddable":true,"href":"https:\/\/bangpremier.fr\/index.php\/wp-json\/wp\/v2\/tags?post=703"}],"curies":[{"name":"wp","href":"https:\/\/api.w.org\/{rel}","templated":true}]}}