{"id":667,"date":"2024-05-15T17:06:39","date_gmt":"2024-05-15T17:06:39","guid":{"rendered":"https:\/\/bangpremier.fr\/index.php\/2024\/05\/15\/benny-blanco-veut-fonder-une-famille-avec-selena-gomez\/"},"modified":"2024-05-15T17:06:40","modified_gmt":"2024-05-15T17:06:40","slug":"benny-blanco-veut-fonder-une-famille-avec-selena-gomez","status":"publish","type":"post","link":"https:\/\/bangpremier.fr\/index.php\/2024\/05\/15\/benny-blanco-veut-fonder-une-famille-avec-selena-gomez\/","title":{"rendered":"Benny Blanco veut fonder une famille avec Selena Gomez"},"content":{"rendered":"<p><b>2024-05-15 17:06:38<\/b><br \/>\n<BR>Benny Blanco veut fonder une famille avec Selena Gomez. Le producteur de 36 ans est amoureux de la star de &#8220;Only Murders in the Building&#8221; depuis environ un an et il a admis que son &#8220;prochain objectif&#8221; dans la vie \u00e9tait la paternit\u00e9 car il &#8220;adore&#8221; \u00eatre entour\u00e9 d&#8217;enfants.<BR><br \/>\nInterrog\u00e9 sur la possibilit\u00e9 d&#8217;avoir des enfants lors de l&#8217;\u00e9mission &#8220;The Howard Stern Show&#8221; sur SiriusXM, il a d\u00e9clar\u00e9 : &#8220;C&#8217;est mon prochain objectif, de cocher la case. J&#8217;ai une tonne d&#8217;enfants autour de moi ; j&#8217;ai une tonne de neveux. J&#8217;adore \u00eatre entour\u00e9 d&#8217;enfants.&#8221;<BR><br \/>\nL&#8217;animateur lui a ensuite demand\u00e9 : &#8220;Vous voulez avoir des enfants avec Selena ? Lui avez-vous d\u00e9j\u00e0 dit que vous vouliez avoir des enfants ?&#8221;<BR><br \/>\nBenny a r\u00e9pondu : &#8220;C&#8217;est toujours un sujet de conversation pour moi tous les jours&#8221;.<BR><br \/>\nBenny a aussi laiss\u00e9 entendre qu&#8217;il \u00e9tait \u00e9galement pr\u00eat \u00e0 se fiancer.<BR><br \/>\nInterrog\u00e9 sur la date de sa demande en mariage, il a r\u00e9pondu :  &#8220;Je prends chaque chose au jour le jour et je sais que lorsque je la regarde, je me dis : &#8220;Je ne connais pas de monde o\u00f9 cela pourrait \u00eatre mieux que \u00e7a&#8221;. C&#8217;est ce que je lui dis toujours&#8221;.<br \/>\n<br \/><a href=\"https:\/\/bangpremier.com\/\" target=\"_blank\" rel=\"noopener\"> Visit Bang Premier (main website) <\/a><\/p>\n","protected":false},"excerpt":{"rendered":"<p>2024-05-15 17:06:38 Benny Blanco veut fonder une famille avec Selena Gomez. Le producteur de 36 ans est amoureux de la star de &#8220;Only Murders in the Building&#8221; depuis environ un&hellip;<\/p>\n","protected":false},"author":1,"featured_media":668,"comment_status":"closed","ping_status":"open","sticky":false,"template":"","format":"standard","meta":{"footnotes":""},"categories":[1],"tags":[],"class_list":["post-667","post","type-post","status-publish","format-standard","has-post-thumbnail","hentry","category-people"],"_links":{"self":[{"href":"https:\/\/bangpremier.fr\/index.php\/wp-json\/wp\/v2\/posts\/667","targetHints":{"allow":["GET"]}}],"collection":[{"href":"https:\/\/bangpremier.fr\/index.php\/wp-json\/wp\/v2\/posts"}],"about":[{"href":"https:\/\/bangpremier.fr\/index.php\/wp-json\/wp\/v2\/types\/post"}],"author":[{"embeddable":true,"href":"https:\/\/bangpremier.fr\/index.php\/wp-json\/wp\/v2\/users\/1"}],"replies":[{"embeddable":true,"href":"https:\/\/bangpremier.fr\/index.php\/wp-json\/wp\/v2\/comments?post=667"}],"version-history":[{"count":1,"href":"https:\/\/bangpremier.fr\/index.php\/wp-json\/wp\/v2\/posts\/667\/revisions"}],"predecessor-version":[{"id":669,"href":"https:\/\/bangpremier.fr\/index.php\/wp-json\/wp\/v2\/posts\/667\/revisions\/669"}],"wp:featuredmedia":[{"embeddable":true,"href":"https:\/\/bangpremier.fr\/index.php\/wp-json\/wp\/v2\/media\/668"}],"wp:attachment":[{"href":"https:\/\/bangpremier.fr\/index.php\/wp-json\/wp\/v2\/media?parent=667"}],"wp:term":[{"taxonomy":"category","embeddable":true,"href":"https:\/\/bangpremier.fr\/index.php\/wp-json\/wp\/v2\/categories?post=667"},{"taxonomy":"post_tag","embeddable":true,"href":"https:\/\/bangpremier.fr\/index.php\/wp-json\/wp\/v2\/tags?post=667"}],"curies":[{"name":"wp","href":"https:\/\/api.w.org\/{rel}","templated":true}]}}