{"id":6421,"date":"2025-03-27T15:42:44","date_gmt":"2025-03-27T15:42:44","guid":{"rendered":"https:\/\/bangpremier.fr\/index.php\/2025\/03\/27\/les-dates-du-wwdc25-dapple-sont-confirmees\/"},"modified":"2025-03-27T15:42:44","modified_gmt":"2025-03-27T15:42:44","slug":"les-dates-du-wwdc25-dapple-sont-confirmees","status":"publish","type":"post","link":"https:\/\/bangpremier.fr\/index.php\/2025\/03\/27\/les-dates-du-wwdc25-dapple-sont-confirmees\/","title":{"rendered":"Les dates du WWDC25 d&#039;Apple sont confirm\u00e9es"},"content":{"rendered":"<p><b>2025-03-27 15:42:44<\/b><br \/>\n<BR>Apple a confirm\u00e9 la date de sa 2025e conf\u00e9rence mondiale des d\u00e9veloppeurs.<BR><br \/>\nLe titan am\u00e9ricain de la technologie pr\u00e9sentera ses derniers logiciels au monde entier, uniquement en ligne, du 9 au 13 juin.<BR><br \/>\nToutefois, les d\u00e9veloppeurs et les \u00e9tudiants pourront f\u00eater l&#8217;\u00e9v\u00e9nement en personne lors d&#8217;une manifestation sp\u00e9ciale organis\u00e9e au si\u00e8ge de l&#8217;entreprise, \u00e0 l&#8217;Apple Park de Cupertino, en Californie, le premier jour de la conf\u00e9rence.<BR><br \/>\nDans le cadre de l&#8217;engagement permanent d&#8217;Apple en faveur des d\u00e9veloppeurs, la conf\u00e9rence leur permettra de rencontrer des experts Apple et de d\u00e9couvrir de nouveaux outils, frameworks et fonctionnalit\u00e9s.<BR><br \/>\nSusan Prescott, vice-pr\u00e9sidente d&#8217;Apple charg\u00e9e des relations avec les d\u00e9veloppeurs au niveau mondial, a d\u00e9clar\u00e9 : &#8220;Nous sommes ravis de marquer une nouvelle ann\u00e9e incroyable de WWDC avec notre communaut\u00e9 mondiale de d\u00e9veloppeurs. Nous sommes impatients de partager les derniers outils et technologies qui donneront plus de pouvoir aux d\u00e9veloppeurs et les aideront \u00e0 continuer d&#8217;innover.&#8221;<BR><br \/>\nApple partagera des informations suppl\u00e9mentaires sur la conf\u00e9rence avant la WWDC25 par le biais de l&#8217;application Apple Developer et du site web de la WWDC25.<BR><br \/>\nLes personnes souhaitant suivre toute l&#8217;action de la WWDC25 peuvent le faire gratuitement sur l&#8217;application Apple Developer, le site web Apple Developer et la cha\u00eene YouTube Apple Developer. <BR><br \/>\nSelon la soci\u00e9t\u00e9, la conf\u00e9rence de cette ann\u00e9e &#8220;comprendra des sessions vid\u00e9o et des possibilit\u00e9s de se connecter avec les ing\u00e9nieurs et les concepteurs d&#8217;Apple dans des laboratoires en ligne.&#8221;<br \/>\n<br \/><a href=\"https:\/\/bangpremier.com\/\" target=\"_blank\"> Visit Bang Premier (main website) <\/a><br \/>\n<br \/><script src=\"https:\/\/geo.dailymotion.com\/player\/xt7m2.js\" data-params=\"mute=true\"><\/script><\/p>\n","protected":false},"excerpt":{"rendered":"<p>2025-03-27 15:42:44 Apple a confirm\u00e9 la date de sa 2025e conf\u00e9rence mondiale des d\u00e9veloppeurs. Le titan am\u00e9ricain de la technologie pr\u00e9sentera ses derniers logiciels au monde entier, uniquement en ligne,&hellip;<\/p>\n","protected":false},"author":1,"featured_media":3465,"comment_status":"closed","ping_status":"open","sticky":false,"template":"","format":"standard","meta":{"footnotes":""},"categories":[5],"tags":[],"class_list":["post-6421","post","type-post","status-publish","format-standard","has-post-thumbnail","hentry","category-technologie"],"_links":{"self":[{"href":"https:\/\/bangpremier.fr\/index.php\/wp-json\/wp\/v2\/posts\/6421","targetHints":{"allow":["GET"]}}],"collection":[{"href":"https:\/\/bangpremier.fr\/index.php\/wp-json\/wp\/v2\/posts"}],"about":[{"href":"https:\/\/bangpremier.fr\/index.php\/wp-json\/wp\/v2\/types\/post"}],"author":[{"embeddable":true,"href":"https:\/\/bangpremier.fr\/index.php\/wp-json\/wp\/v2\/users\/1"}],"replies":[{"embeddable":true,"href":"https:\/\/bangpremier.fr\/index.php\/wp-json\/wp\/v2\/comments?post=6421"}],"version-history":[{"count":1,"href":"https:\/\/bangpremier.fr\/index.php\/wp-json\/wp\/v2\/posts\/6421\/revisions"}],"predecessor-version":[{"id":6422,"href":"https:\/\/bangpremier.fr\/index.php\/wp-json\/wp\/v2\/posts\/6421\/revisions\/6422"}],"wp:featuredmedia":[{"embeddable":true,"href":"https:\/\/bangpremier.fr\/index.php\/wp-json\/wp\/v2\/media\/3465"}],"wp:attachment":[{"href":"https:\/\/bangpremier.fr\/index.php\/wp-json\/wp\/v2\/media?parent=6421"}],"wp:term":[{"taxonomy":"category","embeddable":true,"href":"https:\/\/bangpremier.fr\/index.php\/wp-json\/wp\/v2\/categories?post=6421"},{"taxonomy":"post_tag","embeddable":true,"href":"https:\/\/bangpremier.fr\/index.php\/wp-json\/wp\/v2\/tags?post=6421"}],"curies":[{"name":"wp","href":"https:\/\/api.w.org\/{rel}","templated":true}]}}