{"id":6408,"date":"2025-03-27T10:34:25","date_gmt":"2025-03-27T10:34:25","guid":{"rendered":"https:\/\/bangpremier.fr\/index.php\/2025\/03\/27\/jenna-ortega-raconte-sa-rencontre-traumatisante-avec-des-fans-elles-se-sont-arretees-en-hurlant\/"},"modified":"2025-03-27T10:34:26","modified_gmt":"2025-03-27T10:34:26","slug":"jenna-ortega-raconte-sa-rencontre-traumatisante-avec-des-fans-elles-se-sont-arretees-en-hurlant","status":"publish","type":"post","link":"https:\/\/bangpremier.fr\/index.php\/2025\/03\/27\/jenna-ortega-raconte-sa-rencontre-traumatisante-avec-des-fans-elles-se-sont-arretees-en-hurlant\/","title":{"rendered":"Jenna Ortega raconte sa rencontre traumatisante avec des fans : \u201cElles se sont arr\u00eat\u00e9es en hurlant\u201d"},"content":{"rendered":"<p><b>2025-03-27 10:34:25<\/b><br \/>\n<BR>Jenna Ortega a r\u00e9v\u00e9l\u00e9 avoir v\u00e9cu une interaction effrayante avec une fan juste apr\u00e8s la sortie de &#8220;Mercredi&#8221; .<BR><br \/>\nL&#8217;actrice de 22 ans, qui joue le r\u00f4le de Wednesday Addams dans la s\u00e9rie \u00e0 succ\u00e8s de Netflix, a admis que devenir si c\u00e9l\u00e8bre du jour au lendemain quand la s\u00e9rie est sortie en 2022 n&#8217;a pas toujours \u00e9t\u00e9 facile. <BR><br \/>\nLors de son passage sur le Late Show with Stephen Colbert, elle a d\u00e9clar\u00e9 : &#8220;C&#8217;est tr\u00e8s effrayant. Je suis actrice depuis l&#8217;\u00e2ge de neuf ans, donc je fais cela depuis un certain temps, et j&#8217;ai d\u00e9j\u00e0 eu un aper\u00e7u de ce genre d&#8217;attention en public. Mais je me souviens que lorsque la s\u00e9rie est sortie, c&#8217;\u00e9tait pendant Thanksgiving et j&#8217;\u00e9tais \u00e0 la maison avec ma famille, sans maquillage, en sweat, je me sentais \u00e0 la fois d\u00e9go\u00fbtante et g\u00e9niale. Je promenais mon neveu avec mon chien dans le quartier de mes parents et je me souviens d&#8217;une femme et de sa fille qui m&#8217;ont reconnue dans le quartier, qui se sont arr\u00eat\u00e9es en hurlant, qui ont fait demi-tour et qui ont essay\u00e9 d&#8217;attirer mon attention. Mais j&#8217;avais peur parce que j&#8217;\u00e9tais avec mon neveu. Elle lui criait de venir la voir mais je pense qu&#8217;il \u00e9tait un peu effray\u00e9 et je ne savais pas quoi faire.&#8221;<BR><br \/>\nJenna a admis que c&#8217;est \u00e0 ce moment-l\u00e0 qu&#8217;elle s&#8217;est rendu compte qu&#8217;elle avait atteint un nouveau niveau de notori\u00e9t\u00e9.<BR><br \/>\n&#8220;C&#8217;\u00e9tait la premi\u00e8re fois que je quittais ma maison depuis la sortie de la s\u00e9rie&#8221; ajoute-t-elle. &#8220;Et je pense que c&#8217;est \u00e0 ce moment-l\u00e0 que j&#8217;ai r\u00e9alis\u00e9, \u201cOh, c&#8217;est comme si quelque chose de scandaleux \u00e9tait \u00e9crit sur mon front. Peut-\u00eatre que les choses sont sur le point de changer \u201d.<br \/>\n<br \/><a href=\"https:\/\/bangpremier.com\/\" target=\"_blank\"> Visit Bang Premier (main website) <\/a><br \/>\n<br \/><script src=\"https:\/\/geo.dailymotion.com\/player\/xt7m2.js\" data-params=\"mute=true\"><\/script><\/p>\n","protected":false},"excerpt":{"rendered":"<p>2025-03-27 10:34:25 Jenna Ortega a r\u00e9v\u00e9l\u00e9 avoir v\u00e9cu une interaction effrayante avec une fan juste apr\u00e8s la sortie de &#8220;Mercredi&#8221; . L&#8217;actrice de 22 ans, qui joue le r\u00f4le de&hellip;<\/p>\n","protected":false},"author":1,"featured_media":6409,"comment_status":"closed","ping_status":"open","sticky":false,"template":"","format":"standard","meta":{"footnotes":""},"categories":[1],"tags":[],"class_list":["post-6408","post","type-post","status-publish","format-standard","has-post-thumbnail","hentry","category-people"],"_links":{"self":[{"href":"https:\/\/bangpremier.fr\/index.php\/wp-json\/wp\/v2\/posts\/6408","targetHints":{"allow":["GET"]}}],"collection":[{"href":"https:\/\/bangpremier.fr\/index.php\/wp-json\/wp\/v2\/posts"}],"about":[{"href":"https:\/\/bangpremier.fr\/index.php\/wp-json\/wp\/v2\/types\/post"}],"author":[{"embeddable":true,"href":"https:\/\/bangpremier.fr\/index.php\/wp-json\/wp\/v2\/users\/1"}],"replies":[{"embeddable":true,"href":"https:\/\/bangpremier.fr\/index.php\/wp-json\/wp\/v2\/comments?post=6408"}],"version-history":[{"count":1,"href":"https:\/\/bangpremier.fr\/index.php\/wp-json\/wp\/v2\/posts\/6408\/revisions"}],"predecessor-version":[{"id":6410,"href":"https:\/\/bangpremier.fr\/index.php\/wp-json\/wp\/v2\/posts\/6408\/revisions\/6410"}],"wp:featuredmedia":[{"embeddable":true,"href":"https:\/\/bangpremier.fr\/index.php\/wp-json\/wp\/v2\/media\/6409"}],"wp:attachment":[{"href":"https:\/\/bangpremier.fr\/index.php\/wp-json\/wp\/v2\/media?parent=6408"}],"wp:term":[{"taxonomy":"category","embeddable":true,"href":"https:\/\/bangpremier.fr\/index.php\/wp-json\/wp\/v2\/categories?post=6408"},{"taxonomy":"post_tag","embeddable":true,"href":"https:\/\/bangpremier.fr\/index.php\/wp-json\/wp\/v2\/tags?post=6408"}],"curies":[{"name":"wp","href":"https:\/\/api.w.org\/{rel}","templated":true}]}}