{"id":6406,"date":"2025-03-27T08:36:32","date_gmt":"2025-03-27T08:36:32","guid":{"rendered":"https:\/\/bangpremier.fr\/index.php\/2025\/03\/27\/zayn-malik-bouleverse-ses-fans-en-evoquant-les-one-direction-jai-presque-pleure\/"},"modified":"2025-03-27T08:36:33","modified_gmt":"2025-03-27T08:36:33","slug":"zayn-malik-bouleverse-ses-fans-en-evoquant-les-one-direction-jai-presque-pleure","status":"publish","type":"post","link":"https:\/\/bangpremier.fr\/index.php\/2025\/03\/27\/zayn-malik-bouleverse-ses-fans-en-evoquant-les-one-direction-jai-presque-pleure\/","title":{"rendered":"Zayn Malik bouleverse ses fans en \u00e9voquant les One Direction : &quot;J&#039;ai presque pleur\u00e9&#8230; &quot;"},"content":{"rendered":"<p><b>2025-03-27 08:36:32<\/b><br \/>\n<BR>Zayn Malik a failli fondre en larmes alors qu&#8217;il rendait hommage aux One Direction 10 ans apr\u00e8s les avoir quitt\u00e9s.<BR><br \/>\nLe chanteur se produisait au Mexique dans le cadre de sa tourn\u00e9e &#8220;Stairway to the Sky&#8221; et a ouvert le spectacle ce mardi en interpr\u00e9tant le tube des One Direction &#8220;Night Changes&#8221;.<BR><br \/>\nApr\u00e8s la performance, Zayn a d\u00e9clar\u00e9 : &#8220;C&#8217;est la premi\u00e8re fois que je chante cette chanson en 10 ans. Merci, c&#8217;\u00e9tait incroyable. J&#8217;ai presque pleur\u00e9 \u00e0 un moment. C&#8217;est fou !&#8221;<BR><br \/>\nLa performance est tomb\u00e9e le jour du 10e anniversaire du d\u00e9part de Zayn des One Direction.<BR><br \/>\nDans un communiqu\u00e9 publi\u00e9 sur Facebook le 25 mars 2015, le chanteur a \u00e9crit : &#8220;Ma vie avec les One Direction a \u00e9t\u00e9 bien plus que ce que j&#8217;aurais pu imaginer. Mais, apr\u00e8s cinq ans, je pense que c&#8217;est maintenant le bon moment pour moi de quitter le groupe. J&#8217;aimerais m&#8217;excuser aupr\u00e8s des fans si j&#8217;ai d\u00e9\u00e7u quelqu&#8217;un, mais je dois faire ce qui me semble juste dans mon c\u0153ur. Je pars parce que je veux \u00eatre un jeune homme normal de 22 ans, capable de se d\u00e9tendre et de passer du temps en priv\u00e9, loin des projecteurs.&#8221;<BR><br \/>\nZayn a retrouv\u00e9 ses anciens camarades de sc\u00e8ne Harry, Niall et Louis lors des fun\u00e9railles de Liam Payne en fin d&#8217;ann\u00e9e derni\u00e8re.<br \/>\n<br \/><a href=\"https:\/\/bangpremier.com\/\" target=\"_blank\"> Visit Bang Premier (main website) <\/a><br \/>\n<br \/><script src=\"https:\/\/geo.dailymotion.com\/player\/xt7m2.js\" data-params=\"mute=true\"><\/script><\/p>\n","protected":false},"excerpt":{"rendered":"<p>2025-03-27 08:36:32 Zayn Malik a failli fondre en larmes alors qu&#8217;il rendait hommage aux One Direction 10 ans apr\u00e8s les avoir quitt\u00e9s. Le chanteur se produisait au Mexique dans le&hellip;<\/p>\n","protected":false},"author":1,"featured_media":4452,"comment_status":"closed","ping_status":"open","sticky":false,"template":"","format":"standard","meta":{"footnotes":""},"categories":[1],"tags":[],"class_list":["post-6406","post","type-post","status-publish","format-standard","has-post-thumbnail","hentry","category-people"],"_links":{"self":[{"href":"https:\/\/bangpremier.fr\/index.php\/wp-json\/wp\/v2\/posts\/6406","targetHints":{"allow":["GET"]}}],"collection":[{"href":"https:\/\/bangpremier.fr\/index.php\/wp-json\/wp\/v2\/posts"}],"about":[{"href":"https:\/\/bangpremier.fr\/index.php\/wp-json\/wp\/v2\/types\/post"}],"author":[{"embeddable":true,"href":"https:\/\/bangpremier.fr\/index.php\/wp-json\/wp\/v2\/users\/1"}],"replies":[{"embeddable":true,"href":"https:\/\/bangpremier.fr\/index.php\/wp-json\/wp\/v2\/comments?post=6406"}],"version-history":[{"count":1,"href":"https:\/\/bangpremier.fr\/index.php\/wp-json\/wp\/v2\/posts\/6406\/revisions"}],"predecessor-version":[{"id":6407,"href":"https:\/\/bangpremier.fr\/index.php\/wp-json\/wp\/v2\/posts\/6406\/revisions\/6407"}],"wp:featuredmedia":[{"embeddable":true,"href":"https:\/\/bangpremier.fr\/index.php\/wp-json\/wp\/v2\/media\/4452"}],"wp:attachment":[{"href":"https:\/\/bangpremier.fr\/index.php\/wp-json\/wp\/v2\/media?parent=6406"}],"wp:term":[{"taxonomy":"category","embeddable":true,"href":"https:\/\/bangpremier.fr\/index.php\/wp-json\/wp\/v2\/categories?post=6406"},{"taxonomy":"post_tag","embeddable":true,"href":"https:\/\/bangpremier.fr\/index.php\/wp-json\/wp\/v2\/tags?post=6406"}],"curies":[{"name":"wp","href":"https:\/\/api.w.org\/{rel}","templated":true}]}}