{"id":6397,"date":"2025-03-26T16:39:01","date_gmt":"2025-03-26T16:39:01","guid":{"rendered":"https:\/\/bangpremier.fr\/index.php\/2025\/03\/26\/patrick-schwarzenegger-fait-de-rares-commentaires-sur-ses-celebres-parents-ils-etaient-tres-stricts\/"},"modified":"2025-03-26T16:39:02","modified_gmt":"2025-03-26T16:39:02","slug":"patrick-schwarzenegger-fait-de-rares-commentaires-sur-ses-celebres-parents-ils-etaient-tres-stricts","status":"publish","type":"post","link":"https:\/\/bangpremier.fr\/index.php\/2025\/03\/26\/patrick-schwarzenegger-fait-de-rares-commentaires-sur-ses-celebres-parents-ils-etaient-tres-stricts\/","title":{"rendered":"Patrick Schwarzenegger fait de rares commentaires sur ses c\u00e9l\u00e8bres parents : \u201cIls \u00e9taient tr\u00e8s stricts\u201d"},"content":{"rendered":"<p><b>2025-03-26 16:39:01<\/b><br \/>\n<BR>Patrick Schwarzenegger a admis que ses parents \u00e9taient tr\u00e8s stricts avec lui pendant son enfance.<BR><br \/>\nL&#8217;acteur de 31 ans est le fils d&#8217;Arnold Schwarzenegger et de son ex-femme Maria Shriver, et il a expliqu\u00e9 qu&#8217;il \u00e9tait g\u00e9n\u00e9ralement bien \u00e9lev\u00e9 lorsqu&#8217;il \u00e9tait enfant mais qu&#8217;il y avait beaucoup de r\u00e8gles qu&#8217;il devait respecter. <BR><br \/>\nInterrog\u00e9 sur son enfance dans l&#8217;\u00e9mission The Drew Barrymore Show, il a r\u00e9pondu : &#8220;Je ne faisais rien&#8230; Je ne voulais pas d\u00e9sob\u00e9ir \u00e0 Maria et Arnold. Nous avions beaucoup de r\u00e8gles. C&#8217;\u00e9taient des parents tr\u00e8s stricts. J&#8217;ai peur d&#8217;\u00eatre puni si je dis quelque chose m\u00eame maintenant&#8221;.<BR><br \/>\nPatrick a \u00e9galement admis qu&#8217;il avait re\u00e7u beaucoup de conseils de la part de sa m\u00e8re et qu&#8217;il se sentait b\u00e9ni d&#8217;avoir une telle famille. <BR><br \/>\nIl a d\u00e9clar\u00e9 : &#8220;J&#8217;ai l&#8217;impression que Dieu m&#8217;a b\u00e9ni en me donnant une vie et une famille vraiment extraordinaires. Et [je] trouve des moyens d&#8217;utiliser ma plateforme et ce que nous sommes pour rendre la pareille&#8221;.<br \/>\n<br \/><a href=\"https:\/\/bangpremier.com\/\" target=\"_blank\"> Visit Bang Premier (main website) <\/a><br \/>\n<br \/><script src=\"https:\/\/geo.dailymotion.com\/player\/xt7m2.js\" data-params=\"mute=true\"><\/script><\/p>\n","protected":false},"excerpt":{"rendered":"<p>2025-03-26 16:39:01 Patrick Schwarzenegger a admis que ses parents \u00e9taient tr\u00e8s stricts avec lui pendant son enfance. L&#8217;acteur de 31 ans est le fils d&#8217;Arnold Schwarzenegger et de son ex-femme&hellip;<\/p>\n","protected":false},"author":1,"featured_media":5818,"comment_status":"closed","ping_status":"open","sticky":false,"template":"","format":"standard","meta":{"footnotes":""},"categories":[1],"tags":[],"class_list":["post-6397","post","type-post","status-publish","format-standard","has-post-thumbnail","hentry","category-people"],"_links":{"self":[{"href":"https:\/\/bangpremier.fr\/index.php\/wp-json\/wp\/v2\/posts\/6397","targetHints":{"allow":["GET"]}}],"collection":[{"href":"https:\/\/bangpremier.fr\/index.php\/wp-json\/wp\/v2\/posts"}],"about":[{"href":"https:\/\/bangpremier.fr\/index.php\/wp-json\/wp\/v2\/types\/post"}],"author":[{"embeddable":true,"href":"https:\/\/bangpremier.fr\/index.php\/wp-json\/wp\/v2\/users\/1"}],"replies":[{"embeddable":true,"href":"https:\/\/bangpremier.fr\/index.php\/wp-json\/wp\/v2\/comments?post=6397"}],"version-history":[{"count":1,"href":"https:\/\/bangpremier.fr\/index.php\/wp-json\/wp\/v2\/posts\/6397\/revisions"}],"predecessor-version":[{"id":6398,"href":"https:\/\/bangpremier.fr\/index.php\/wp-json\/wp\/v2\/posts\/6397\/revisions\/6398"}],"wp:featuredmedia":[{"embeddable":true,"href":"https:\/\/bangpremier.fr\/index.php\/wp-json\/wp\/v2\/media\/5818"}],"wp:attachment":[{"href":"https:\/\/bangpremier.fr\/index.php\/wp-json\/wp\/v2\/media?parent=6397"}],"wp:term":[{"taxonomy":"category","embeddable":true,"href":"https:\/\/bangpremier.fr\/index.php\/wp-json\/wp\/v2\/categories?post=6397"},{"taxonomy":"post_tag","embeddable":true,"href":"https:\/\/bangpremier.fr\/index.php\/wp-json\/wp\/v2\/tags?post=6397"}],"curies":[{"name":"wp","href":"https:\/\/api.w.org\/{rel}","templated":true}]}}