{"id":6393,"date":"2025-03-26T10:42:20","date_gmt":"2025-03-26T10:42:20","guid":{"rendered":"https:\/\/bangpremier.fr\/index.php\/2025\/03\/26\/selena-gomez-reve-detre-maman-la-star-admet-etre-prete-a-avoir-des-enfants-avec-benny-blanco\/"},"modified":"2025-03-26T10:42:20","modified_gmt":"2025-03-26T10:42:20","slug":"selena-gomez-reve-detre-maman-la-star-admet-etre-prete-a-avoir-des-enfants-avec-benny-blanco","status":"publish","type":"post","link":"https:\/\/bangpremier.fr\/index.php\/2025\/03\/26\/selena-gomez-reve-detre-maman-la-star-admet-etre-prete-a-avoir-des-enfants-avec-benny-blanco\/","title":{"rendered":"Selena Gomez r\u00eave d&#039;\u00eatre maman : la star admet \u00eatre pr\u00eate \u00e0 avoir des enfants avec Benny Blanco"},"content":{"rendered":"<p><b>2025-03-26 10:42:20<\/b><br \/>\n<BR>Selena Gomez est impatiente \u00e0 l&#8217;id\u00e9e d&#8217;avoir des enfants.<BR><br \/>\nL&#8217;actrice de 32 ans a annonc\u00e9 ses fian\u00e7ailles avec le producteur Benny Blanco en 2024 et elle avoue d\u00e9sormais qu&#8217;elle aimerait un jour fonder une famille avec lui. Par le pass\u00e9, Selena avait d\u00e9j\u00e0 expliqu\u00e9 que sa maladie, le lupus, l&#8217;emp\u00eachera probablement d&#8217;avoir des enfants naturellement.<BR><br \/>\nElle a confi\u00e9 sur le podcast The Jay Shetty Podcast : &#8220;Je ne sais pas ce qui se passera, \u00e9videmment, mais j&#8217;aime les enfants. J&#8217;ai une s\u0153ur de 11 ans que j&#8217;adore. J&#8217;adore faire rire [les enfants], ils sont tellement gentils. Alors absolument, quand ce jour arrivera, j&#8217;en serai ravie&#8221;.<BR><br \/>\nPr\u00e9sent lors de l&#8217;interview, Benny a \u00e9galement fait remarquer que Selena \u00e9tait tr\u00e8s timide mais que son comportement changeait lorsqu&#8217;elle \u00e9tait en pr\u00e9sence d&#8217;enfants.<BR><br \/>\nIl ajoute : &#8220;Lorsqu&#8217;elle entre dans une pi\u00e8ce, son objectif principal est de dispara\u00eetre dans la foule. Ma m\u00e8re est aussi comme \u00e7a, [elle] et ma m\u00e8re sont tr\u00e8s semblables. Chaque fois qu&#8217;il y a des enfants quelque part, c&#8217;est la seule fois o\u00f9 je la vois beaucoup parler. Elle va imm\u00e9diatement vers les enfants et discute avec eux pendant des heures&#8221;.<br \/>\n<br \/><a href=\"https:\/\/bangpremier.com\/\" target=\"_blank\"> Visit Bang Premier (main website) <\/a><br \/>\n<br \/><script src=\"https:\/\/geo.dailymotion.com\/player\/xt7m2.js\" data-params=\"mute=true\"><\/script><\/p>\n","protected":false},"excerpt":{"rendered":"<p>2025-03-26 10:42:20 Selena Gomez est impatiente \u00e0 l&#8217;id\u00e9e d&#8217;avoir des enfants. L&#8217;actrice de 32 ans a annonc\u00e9 ses fian\u00e7ailles avec le producteur Benny Blanco en 2024 et elle avoue d\u00e9sormais&hellip;<\/p>\n","protected":false},"author":1,"featured_media":6317,"comment_status":"closed","ping_status":"open","sticky":false,"template":"","format":"standard","meta":{"footnotes":""},"categories":[1],"tags":[],"class_list":["post-6393","post","type-post","status-publish","format-standard","has-post-thumbnail","hentry","category-people"],"_links":{"self":[{"href":"https:\/\/bangpremier.fr\/index.php\/wp-json\/wp\/v2\/posts\/6393","targetHints":{"allow":["GET"]}}],"collection":[{"href":"https:\/\/bangpremier.fr\/index.php\/wp-json\/wp\/v2\/posts"}],"about":[{"href":"https:\/\/bangpremier.fr\/index.php\/wp-json\/wp\/v2\/types\/post"}],"author":[{"embeddable":true,"href":"https:\/\/bangpremier.fr\/index.php\/wp-json\/wp\/v2\/users\/1"}],"replies":[{"embeddable":true,"href":"https:\/\/bangpremier.fr\/index.php\/wp-json\/wp\/v2\/comments?post=6393"}],"version-history":[{"count":1,"href":"https:\/\/bangpremier.fr\/index.php\/wp-json\/wp\/v2\/posts\/6393\/revisions"}],"predecessor-version":[{"id":6394,"href":"https:\/\/bangpremier.fr\/index.php\/wp-json\/wp\/v2\/posts\/6393\/revisions\/6394"}],"wp:featuredmedia":[{"embeddable":true,"href":"https:\/\/bangpremier.fr\/index.php\/wp-json\/wp\/v2\/media\/6317"}],"wp:attachment":[{"href":"https:\/\/bangpremier.fr\/index.php\/wp-json\/wp\/v2\/media?parent=6393"}],"wp:term":[{"taxonomy":"category","embeddable":true,"href":"https:\/\/bangpremier.fr\/index.php\/wp-json\/wp\/v2\/categories?post=6393"},{"taxonomy":"post_tag","embeddable":true,"href":"https:\/\/bangpremier.fr\/index.php\/wp-json\/wp\/v2\/tags?post=6393"}],"curies":[{"name":"wp","href":"https:\/\/api.w.org\/{rel}","templated":true}]}}