{"id":6390,"date":"2025-03-26T10:34:12","date_gmt":"2025-03-26T10:34:12","guid":{"rendered":"https:\/\/bangpremier.fr\/index.php\/2025\/03\/26\/selena-gomez-pousse-un-coup-de-gueule-contre-ceux-qui-critiquent-son-poids-tout-le-monde-a-quelque-chose-a-dire\/"},"modified":"2025-03-26T10:34:13","modified_gmt":"2025-03-26T10:34:13","slug":"selena-gomez-pousse-un-coup-de-gueule-contre-ceux-qui-critiquent-son-poids-tout-le-monde-a-quelque-chose-a-dire","status":"publish","type":"post","link":"https:\/\/bangpremier.fr\/index.php\/2025\/03\/26\/selena-gomez-pousse-un-coup-de-gueule-contre-ceux-qui-critiquent-son-poids-tout-le-monde-a-quelque-chose-a-dire\/","title":{"rendered":"Selena Gomez pousse un coup de gueule contre ceux qui critiquent son poids : &quot;Tout le monde a quelque chose \u00e0 dire&quot;"},"content":{"rendered":"<p><b>2025-03-26 10:34:12<\/b><br \/>\n<BR>Selena Gomez a reconnu que lire autant de commentaires sur son poids la blesse beaucoup.<BR><br \/>\nLa star a admis qu&#8217;elle essayait de ne pas regarder les messages d\u00e9sagr\u00e9ables sur les r\u00e9seaux sociaux mais qu&#8217;il lui arrivait quand m\u00eame de lire des choses qui lui p\u00e8sent. Elle a \u00e9galement insist\u00e9 sur le fait qu&#8217;elle ne ressemblerait jamais \u00e0 un mannequin et qu&#8217;elle attribuait les fluctuations de sa taille aux m\u00e9dicaments qu&#8217;elle prend pour soigner son lupus, une maladie auto-immune chronique.<BR><br \/>\nLors d&#8217;une apparition sur le podcast On Purpose with Jay Shetty, Selena a expliqu\u00e9 : &#8220;Ce n&#8217;est un secret pour personne que les femmes ressentent beaucoup plus intens\u00e9ment leur apparence. Quand je me pr\u00e9pare pour un \u00e9v\u00e9nement, la plupart du temps, je me dis : J&#8217;esp\u00e8re juste pouvoir prendre la photo et m&#8217;asseoir &#8230; &#8220;<BR><br \/>\nSelena poursuit : &#8220;La plupart du temps, je ne regarde pas les commentaires, mais il y a tellement de choses qui me viennent \u00e0 l&#8217;esprit que je ne peux pas m&#8217;emp\u00eacher de les voir&#8230; Je suis victime de ce regard. C&#8217;est le personnage [qu&#8217;elle joue] qui est jug\u00e9 : Je ne suis pas assez blanche, je ne suis pas assez mexicaine&#8230; personne ne se pr\u00e9occupe de ce genre de choses chez les hommes. Mon poids est \u00e9galement un sujet important. Tout le monde a quelque chose \u00e0 dire et cela me rend vraiment triste et je pense juste que cela m&#8217;a rendu un peu amer et je me sens vraiment coupable de dire cela mais c&#8217;est vrai &#8230;&#8221;<br \/>\n<br \/><a href=\"https:\/\/bangpremier.com\/\" target=\"_blank\"> Visit Bang Premier (main website) <\/a><br \/>\n<br \/><script src=\"https:\/\/geo.dailymotion.com\/player\/xt7m2.js\" data-params=\"mute=true\"><\/script><\/p>\n","protected":false},"excerpt":{"rendered":"<p>2025-03-26 10:34:12 Selena Gomez a reconnu que lire autant de commentaires sur son poids la blesse beaucoup. La star a admis qu&#8217;elle essayait de ne pas regarder les messages d\u00e9sagr\u00e9ables&hellip;<\/p>\n","protected":false},"author":1,"featured_media":6391,"comment_status":"closed","ping_status":"open","sticky":false,"template":"","format":"standard","meta":{"footnotes":""},"categories":[1],"tags":[],"class_list":["post-6390","post","type-post","status-publish","format-standard","has-post-thumbnail","hentry","category-people"],"_links":{"self":[{"href":"https:\/\/bangpremier.fr\/index.php\/wp-json\/wp\/v2\/posts\/6390","targetHints":{"allow":["GET"]}}],"collection":[{"href":"https:\/\/bangpremier.fr\/index.php\/wp-json\/wp\/v2\/posts"}],"about":[{"href":"https:\/\/bangpremier.fr\/index.php\/wp-json\/wp\/v2\/types\/post"}],"author":[{"embeddable":true,"href":"https:\/\/bangpremier.fr\/index.php\/wp-json\/wp\/v2\/users\/1"}],"replies":[{"embeddable":true,"href":"https:\/\/bangpremier.fr\/index.php\/wp-json\/wp\/v2\/comments?post=6390"}],"version-history":[{"count":1,"href":"https:\/\/bangpremier.fr\/index.php\/wp-json\/wp\/v2\/posts\/6390\/revisions"}],"predecessor-version":[{"id":6392,"href":"https:\/\/bangpremier.fr\/index.php\/wp-json\/wp\/v2\/posts\/6390\/revisions\/6392"}],"wp:featuredmedia":[{"embeddable":true,"href":"https:\/\/bangpremier.fr\/index.php\/wp-json\/wp\/v2\/media\/6391"}],"wp:attachment":[{"href":"https:\/\/bangpremier.fr\/index.php\/wp-json\/wp\/v2\/media?parent=6390"}],"wp:term":[{"taxonomy":"category","embeddable":true,"href":"https:\/\/bangpremier.fr\/index.php\/wp-json\/wp\/v2\/categories?post=6390"},{"taxonomy":"post_tag","embeddable":true,"href":"https:\/\/bangpremier.fr\/index.php\/wp-json\/wp\/v2\/tags?post=6390"}],"curies":[{"name":"wp","href":"https:\/\/api.w.org\/{rel}","templated":true}]}}