{"id":6351,"date":"2025-03-24T13:48:07","date_gmt":"2025-03-24T13:48:07","guid":{"rendered":"https:\/\/bangpremier.fr\/index.php\/2025\/03\/24\/justin-bieber-admet-souffrir-dacces-de-colere-je-veux-changer\/"},"modified":"2025-03-24T13:48:07","modified_gmt":"2025-03-24T13:48:07","slug":"justin-bieber-admet-souffrir-dacces-de-colere-je-veux-changer","status":"publish","type":"post","link":"https:\/\/bangpremier.fr\/index.php\/2025\/03\/24\/justin-bieber-admet-souffrir-dacces-de-colere-je-veux-changer\/","title":{"rendered":"Justin Bieber admet souffrir d\u2019acc\u00e8s de col\u00e8re : \u201cJe veux changer\u2026\u201d"},"content":{"rendered":"<p><b>2025-03-24 13:48:07<\/b><br \/>\n<BR>Apr\u00e8s avoir fait l&#8217;objet depuis des mois de sp\u00e9culations sur sa sant\u00e9 physique et mentale, Justin Bieber a maintenant fait part de son d\u00e9sir de calmer ses acc\u00e8s de col\u00e8re. <BR><br \/>\nJustin a partag\u00e9 trois photos, dont un selfie avec un sweat \u00e0 capuche, une image de lui plus jeune et une autre qui semble repr\u00e9senter son fils de sept mois Jack Blues, allong\u00e9 sur une couverture en train de regarder un film sur un projecteur.<BR><br \/>\nIl a \u00e9crit dans la l\u00e9gende : &#8220;J&#8217;ai aussi des acc\u00e8s de col\u00e8re, mais je veux changer et ne plus r\u00e9agir autant.&#8221;<BR><br \/>\nQuelques heures plus tard, le chanteur de a admis qu&#8217;il se \u201cd\u00e9testait\u201d parfois et qu&#8217;il pensait qu&#8217;il \u00e9tait important d&#8217;\u00eatre authentique et de ne pas essayer de changer pour plaire aux gens.<BR><br \/>\nIl a \u00e9crit \u00e0 c\u00f4t\u00e9 d&#8217;une vid\u00e9o le montrant en train de jouer avec un groupe de musiciens : &#8220;Je pense que je me d\u00e9teste parfois quand je sens que je commence \u00e0 devenir inauthentique. Puis je me souviens qu&#8217;on essaie tout le temps de me donner l&#8217;impression que je ne suis pas assez bon, mais je d\u00e9teste quand m\u00eame me changer pour plaire aux gens.&#8221;<br \/>\n<br \/><a href=\"https:\/\/bangpremier.com\/\" target=\"_blank\"> Visit Bang Premier (main website) <\/a><br \/>\n<br \/><script src=\"https:\/\/geo.dailymotion.com\/player\/xt7m2.js\" data-params=\"mute=true\"><\/script><\/p>\n","protected":false},"excerpt":{"rendered":"<p>2025-03-24 13:48:07 Apr\u00e8s avoir fait l&#8217;objet depuis des mois de sp\u00e9culations sur sa sant\u00e9 physique et mentale, Justin Bieber a maintenant fait part de son d\u00e9sir de calmer ses acc\u00e8s&hellip;<\/p>\n","protected":false},"author":1,"featured_media":6211,"comment_status":"closed","ping_status":"open","sticky":false,"template":"","format":"standard","meta":{"footnotes":""},"categories":[1],"tags":[],"class_list":["post-6351","post","type-post","status-publish","format-standard","has-post-thumbnail","hentry","category-people"],"_links":{"self":[{"href":"https:\/\/bangpremier.fr\/index.php\/wp-json\/wp\/v2\/posts\/6351","targetHints":{"allow":["GET"]}}],"collection":[{"href":"https:\/\/bangpremier.fr\/index.php\/wp-json\/wp\/v2\/posts"}],"about":[{"href":"https:\/\/bangpremier.fr\/index.php\/wp-json\/wp\/v2\/types\/post"}],"author":[{"embeddable":true,"href":"https:\/\/bangpremier.fr\/index.php\/wp-json\/wp\/v2\/users\/1"}],"replies":[{"embeddable":true,"href":"https:\/\/bangpremier.fr\/index.php\/wp-json\/wp\/v2\/comments?post=6351"}],"version-history":[{"count":1,"href":"https:\/\/bangpremier.fr\/index.php\/wp-json\/wp\/v2\/posts\/6351\/revisions"}],"predecessor-version":[{"id":6352,"href":"https:\/\/bangpremier.fr\/index.php\/wp-json\/wp\/v2\/posts\/6351\/revisions\/6352"}],"wp:featuredmedia":[{"embeddable":true,"href":"https:\/\/bangpremier.fr\/index.php\/wp-json\/wp\/v2\/media\/6211"}],"wp:attachment":[{"href":"https:\/\/bangpremier.fr\/index.php\/wp-json\/wp\/v2\/media?parent=6351"}],"wp:term":[{"taxonomy":"category","embeddable":true,"href":"https:\/\/bangpremier.fr\/index.php\/wp-json\/wp\/v2\/categories?post=6351"},{"taxonomy":"post_tag","embeddable":true,"href":"https:\/\/bangpremier.fr\/index.php\/wp-json\/wp\/v2\/tags?post=6351"}],"curies":[{"name":"wp","href":"https:\/\/api.w.org\/{rel}","templated":true}]}}