{"id":6316,"date":"2025-03-21T11:03:00","date_gmt":"2025-03-21T11:03:00","guid":{"rendered":"https:\/\/bangpremier.fr\/index.php\/2025\/03\/21\/selena-gomez-a-failli-manquer-la-demande-en-mariage-de-benny-blanco\/"},"modified":"2025-03-21T11:03:01","modified_gmt":"2025-03-21T11:03:01","slug":"selena-gomez-a-failli-manquer-la-demande-en-mariage-de-benny-blanco","status":"publish","type":"post","link":"https:\/\/bangpremier.fr\/index.php\/2025\/03\/21\/selena-gomez-a-failli-manquer-la-demande-en-mariage-de-benny-blanco\/","title":{"rendered":"Selena Gomez a failli manquer la demande en mariage de Benny Blanco"},"content":{"rendered":"<p><b>2025-03-21 11:03:00<\/b><br \/>\n<BR>Selena Gomez a admis avoir \u00e9t\u00e9 compl\u00e8tement surprise lorsque son partenaire Benny Blanco a mis un genou \u00e0 terre l&#8217;ann\u00e9e derni\u00e8re, si bien qu&#8217;elle a failli ne pas \u00eatre pr\u00e9sente en premier lieu.<BR><br \/>\nLors de l&#8217;\u00e9mission &#8220;The Tonight Show Starring Jimmy Fallon&#8221;, Selena a d\u00e9clar\u00e9 : &#8220;Nous devions faire beaucoup de promotion pour l&#8217;album. Je me suis donc r\u00e9veill\u00e9e, et j&#8217;\u00e9tais tr\u00e8s confuse sur ce qui se passait, sur l&#8217;endroit o\u00f9 nous allions, parce que \u00e7a semblait un peu loin.J&#8217;\u00e9tais donc un peu grognon. J&#8217;\u00e9tais fatigu\u00e9e&#8230; J&#8217;ai dit : &#8216;Apr\u00e8s ce tournage, je vais aller tra\u00eener avec mes amis&#8217;. Et il a commenc\u00e9, je suppose, \u00e0 dire, &#8216;Ok, bien s\u00fbr. On verra quand tu seras l\u00e0&#8217;. &#8220;<BR><br \/>\nPr\u00e9sent durant l&#8217;\u00e9mission, Benny a racont\u00e9 sa version des faits.<BR><br \/>\n &#8220;Elle a failli ne pas venir&#8221; ajoute-t-il. &#8220;Elle a dit : &#8216;Je ne me sens vraiment pas bien. Je pense que je vais rester \u00e0 la maison aujourd&#8217;hui. On ne pourrait pas faire le tournage un autre jour ? Tout d&#8217;abord, se fiancer avec quelqu&#8217;un est la chose la plus folle au monde.&#8221;<br \/>\n<br \/><a href=\"https:\/\/bangpremier.com\/\" target=\"_blank\"> Visit Bang Premier (main website) <\/a><br \/>\n<br \/><script src=\"https:\/\/geo.dailymotion.com\/player\/xt7m2.js\" data-params=\"mute=true\"><\/script><\/p>\n","protected":false},"excerpt":{"rendered":"<p>2025-03-21 11:03:00 Selena Gomez a admis avoir \u00e9t\u00e9 compl\u00e8tement surprise lorsque son partenaire Benny Blanco a mis un genou \u00e0 terre l&#8217;ann\u00e9e derni\u00e8re, si bien qu&#8217;elle a failli ne pas&hellip;<\/p>\n","protected":false},"author":1,"featured_media":6317,"comment_status":"closed","ping_status":"open","sticky":false,"template":"","format":"standard","meta":{"footnotes":""},"categories":[1],"tags":[],"class_list":["post-6316","post","type-post","status-publish","format-standard","has-post-thumbnail","hentry","category-people"],"_links":{"self":[{"href":"https:\/\/bangpremier.fr\/index.php\/wp-json\/wp\/v2\/posts\/6316","targetHints":{"allow":["GET"]}}],"collection":[{"href":"https:\/\/bangpremier.fr\/index.php\/wp-json\/wp\/v2\/posts"}],"about":[{"href":"https:\/\/bangpremier.fr\/index.php\/wp-json\/wp\/v2\/types\/post"}],"author":[{"embeddable":true,"href":"https:\/\/bangpremier.fr\/index.php\/wp-json\/wp\/v2\/users\/1"}],"replies":[{"embeddable":true,"href":"https:\/\/bangpremier.fr\/index.php\/wp-json\/wp\/v2\/comments?post=6316"}],"version-history":[{"count":1,"href":"https:\/\/bangpremier.fr\/index.php\/wp-json\/wp\/v2\/posts\/6316\/revisions"}],"predecessor-version":[{"id":6318,"href":"https:\/\/bangpremier.fr\/index.php\/wp-json\/wp\/v2\/posts\/6316\/revisions\/6318"}],"wp:featuredmedia":[{"embeddable":true,"href":"https:\/\/bangpremier.fr\/index.php\/wp-json\/wp\/v2\/media\/6317"}],"wp:attachment":[{"href":"https:\/\/bangpremier.fr\/index.php\/wp-json\/wp\/v2\/media?parent=6316"}],"wp:term":[{"taxonomy":"category","embeddable":true,"href":"https:\/\/bangpremier.fr\/index.php\/wp-json\/wp\/v2\/categories?post=6316"},{"taxonomy":"post_tag","embeddable":true,"href":"https:\/\/bangpremier.fr\/index.php\/wp-json\/wp\/v2\/tags?post=6316"}],"curies":[{"name":"wp","href":"https:\/\/api.w.org\/{rel}","templated":true}]}}