{"id":6301,"date":"2025-03-20T14:03:48","date_gmt":"2025-03-20T14:03:48","guid":{"rendered":"https:\/\/bangpremier.fr\/index.php\/2025\/03\/20\/aubrey-plaza-etait-separee-de-son-mari-jeff-baena-avant-sa-mort\/"},"modified":"2025-03-20T14:03:48","modified_gmt":"2025-03-20T14:03:48","slug":"aubrey-plaza-etait-separee-de-son-mari-jeff-baena-avant-sa-mort","status":"publish","type":"post","link":"https:\/\/bangpremier.fr\/index.php\/2025\/03\/20\/aubrey-plaza-etait-separee-de-son-mari-jeff-baena-avant-sa-mort\/","title":{"rendered":"Aubrey Plaza \u00e9tait s\u00e9par\u00e9e de son mari Jeff Baena avant sa mort"},"content":{"rendered":"<p><b>2025-03-20 14:03:48<\/b><br \/>\n<BR>Aubrey Plaza et Jeff Baena se sont s\u00e9par\u00e9s quelques mois avant le d\u00e9c\u00e8s du sc\u00e9nariste.<BR><br \/>\nJeff est mort le 3 janvier \u00e0 l&#8217;\u00e2ge de 47 ans et un rapport du m\u00e9decin l\u00e9giste du comt\u00e9 de Los Angeles, qui a \u00e9t\u00e9 obtenu par PEOPLE, a r\u00e9v\u00e9l\u00e9 que le couple de c\u00e9l\u00e9brit\u00e9s s&#8217;est s\u00e9par\u00e9 en septembre 2024.<BR><br \/>\nEn octobre, Jeff a fait des &#8220;remarques inqui\u00e9tantes&#8221; \u00e0 l&#8217;actrice qui l&#8217;ont &#8220;incit\u00e9e \u00e0 appeler un ami pour v\u00e9rifier le bien-\u00eatre de son mari.&#8221;<BR><br \/>\nJeff a ensuite commenc\u00e9 \u00e0 suivre des s\u00e9ances de th\u00e9rapie.<BR><br \/>\nLes documents judiciaires indiquent \u00e9galement que le sc\u00e9nariste avait r\u00e9cemment &#8220;connu des difficult\u00e9s conjugales&#8221; avec la star.<BR><br \/>\nJeff est d\u00e9c\u00e9d\u00e9 le 3 janvier et Aubrey, qu&#8217;il a \u00e9pous\u00e9 en 2021, a ensuite d\u00e9crit son chagrin dans un communiqu\u00e9.<BR><br \/>\nL&#8217;actrice a \u00e9crit  &#8220;C&#8217;est une trag\u00e9die inimaginable. Nous sommes profond\u00e9ment reconnaissants \u00e0 tous ceux qui nous ont apport\u00e9 leur soutien. Nous vous demandons de respecter notre vie priv\u00e9e pendant cette p\u00e9riode&#8221;.<br \/>\n<br \/><a href=\"https:\/\/bangpremier.com\/\" target=\"_blank\"> Visit Bang Premier (main website) <\/a><br \/>\n<br \/><script src=\"https:\/\/geo.dailymotion.com\/player\/xt7m2.js\" data-params=\"mute=true\"><\/script><\/p>\n","protected":false},"excerpt":{"rendered":"<p>2025-03-20 14:03:48 Aubrey Plaza et Jeff Baena se sont s\u00e9par\u00e9s quelques mois avant le d\u00e9c\u00e8s du sc\u00e9nariste. Jeff est mort le 3 janvier \u00e0 l&#8217;\u00e2ge de 47 ans et un&hellip;<\/p>\n","protected":false},"author":1,"featured_media":5157,"comment_status":"closed","ping_status":"open","sticky":false,"template":"","format":"standard","meta":{"footnotes":""},"categories":[1],"tags":[],"class_list":["post-6301","post","type-post","status-publish","format-standard","has-post-thumbnail","hentry","category-people"],"_links":{"self":[{"href":"https:\/\/bangpremier.fr\/index.php\/wp-json\/wp\/v2\/posts\/6301","targetHints":{"allow":["GET"]}}],"collection":[{"href":"https:\/\/bangpremier.fr\/index.php\/wp-json\/wp\/v2\/posts"}],"about":[{"href":"https:\/\/bangpremier.fr\/index.php\/wp-json\/wp\/v2\/types\/post"}],"author":[{"embeddable":true,"href":"https:\/\/bangpremier.fr\/index.php\/wp-json\/wp\/v2\/users\/1"}],"replies":[{"embeddable":true,"href":"https:\/\/bangpremier.fr\/index.php\/wp-json\/wp\/v2\/comments?post=6301"}],"version-history":[{"count":1,"href":"https:\/\/bangpremier.fr\/index.php\/wp-json\/wp\/v2\/posts\/6301\/revisions"}],"predecessor-version":[{"id":6302,"href":"https:\/\/bangpremier.fr\/index.php\/wp-json\/wp\/v2\/posts\/6301\/revisions\/6302"}],"wp:featuredmedia":[{"embeddable":true,"href":"https:\/\/bangpremier.fr\/index.php\/wp-json\/wp\/v2\/media\/5157"}],"wp:attachment":[{"href":"https:\/\/bangpremier.fr\/index.php\/wp-json\/wp\/v2\/media?parent=6301"}],"wp:term":[{"taxonomy":"category","embeddable":true,"href":"https:\/\/bangpremier.fr\/index.php\/wp-json\/wp\/v2\/categories?post=6301"},{"taxonomy":"post_tag","embeddable":true,"href":"https:\/\/bangpremier.fr\/index.php\/wp-json\/wp\/v2\/tags?post=6301"}],"curies":[{"name":"wp","href":"https:\/\/api.w.org\/{rel}","templated":true}]}}