{"id":6287,"date":"2025-03-19T14:56:19","date_gmt":"2025-03-19T14:56:19","guid":{"rendered":"https:\/\/bangpremier.fr\/index.php\/2025\/03\/19\/robert-de-niro-de-nouveau-papa-a-81-ans-il-se-confie-sur-sa-vie-de-famille\/"},"modified":"2025-03-19T14:56:20","modified_gmt":"2025-03-19T14:56:20","slug":"robert-de-niro-de-nouveau-papa-a-81-ans-il-se-confie-sur-sa-vie-de-famille","status":"publish","type":"post","link":"https:\/\/bangpremier.fr\/index.php\/2025\/03\/19\/robert-de-niro-de-nouveau-papa-a-81-ans-il-se-confie-sur-sa-vie-de-famille\/","title":{"rendered":"Robert De Niro : de nouveau papa \u00e0 81 ans, il se confie sur sa vie de famille"},"content":{"rendered":"<p><b>2025-03-19 14:56:19<\/b><br \/>\n<BR>Robert De Niro est devenu papa pour la septi\u00e8me fois lorsque sa compagne Tiffany Chen et lui ont accueilli leur fille Gia en avril 2023 et il ne cache pas que sa vie de papa se passe tr\u00e8s bien. L&#8217;acteur de 81 ans a r\u00e9v\u00e9l\u00e9 que la petite fille de deux ans est parfois m\u00eame avec lui sur les plateaux de tournage. <BR><br \/>\nIl a d\u00e9clar\u00e9 \u00e0 E ! News : &#8220;Oui, elle va tr\u00e8s bien ! Elle est venue plusieurs fois sur le plateau de \u201cZero Day\u201d, que j&#8217;ai tourn\u00e9 l&#8217;ann\u00e9e derni\u00e8re. On fait en sorte que \u00e7a marche, d&#8217;une mani\u00e8re ou d&#8217;une autre. Parfois, elle est sur le plateau avec ma petite amie. J&#8217;ai de la chance&#8221;.<BR><br \/>\nLa star se d\u00e9brouille \u00e9galement tr\u00e8s bien alors que sa fille entre dans la phase des tout-petits, m\u00eame s&#8217;il doit regarder une pl\u00e9thore d&#8217;\u00e9missions de t\u00e9l\u00e9vision pour enfants en bas \u00e2ge avec elle.<BR><br \/>\nIl a confi\u00e9 \u00e0 Extra : &#8220;Je vais bien. Je regarde ces \u00e9missions pour enfants, des \u00e9missions pour les tout-petits&#8230; \u201cThe Wiggles\u201d, \u201cMs. Rachel\u201d, \u201cBlippy\u201d, et il y en a d&#8217;autres&#8230; surtout \u201cThe Wiggles\u201d en ce moment&#8221;.<BR><br \/>\nLa star hollywoodienne est \u00e9galement papa de Drena, 54 ans, et Raphael, 48 ans, avec sa premi\u00e8re \u00e9pouse Diahnne Abbott, des jumeaux Julian et Aaron, 29 ans, avec son ex-copine Toukie Smith, ainsi que d&#8217;Elliot, 26 ans, et Helen, 13 ans, avec son ex-femme Grace Hightower.<br \/>\n<br \/><a href=\"https:\/\/bangpremier.com\/\" target=\"_blank\"> Visit Bang Premier (main website) <\/a><br \/>\n<br \/><script src=\"https:\/\/geo.dailymotion.com\/player\/xt7m2.js\" data-params=\"mute=true\"><\/script><\/p>\n","protected":false},"excerpt":{"rendered":"<p>2025-03-19 14:56:19 Robert De Niro est devenu papa pour la septi\u00e8me fois lorsque sa compagne Tiffany Chen et lui ont accueilli leur fille Gia en avril 2023 et il ne&hellip;<\/p>\n","protected":false},"author":1,"featured_media":6288,"comment_status":"closed","ping_status":"open","sticky":false,"template":"","format":"standard","meta":{"footnotes":""},"categories":[1],"tags":[],"class_list":["post-6287","post","type-post","status-publish","format-standard","has-post-thumbnail","hentry","category-people"],"_links":{"self":[{"href":"https:\/\/bangpremier.fr\/index.php\/wp-json\/wp\/v2\/posts\/6287","targetHints":{"allow":["GET"]}}],"collection":[{"href":"https:\/\/bangpremier.fr\/index.php\/wp-json\/wp\/v2\/posts"}],"about":[{"href":"https:\/\/bangpremier.fr\/index.php\/wp-json\/wp\/v2\/types\/post"}],"author":[{"embeddable":true,"href":"https:\/\/bangpremier.fr\/index.php\/wp-json\/wp\/v2\/users\/1"}],"replies":[{"embeddable":true,"href":"https:\/\/bangpremier.fr\/index.php\/wp-json\/wp\/v2\/comments?post=6287"}],"version-history":[{"count":1,"href":"https:\/\/bangpremier.fr\/index.php\/wp-json\/wp\/v2\/posts\/6287\/revisions"}],"predecessor-version":[{"id":6289,"href":"https:\/\/bangpremier.fr\/index.php\/wp-json\/wp\/v2\/posts\/6287\/revisions\/6289"}],"wp:featuredmedia":[{"embeddable":true,"href":"https:\/\/bangpremier.fr\/index.php\/wp-json\/wp\/v2\/media\/6288"}],"wp:attachment":[{"href":"https:\/\/bangpremier.fr\/index.php\/wp-json\/wp\/v2\/media?parent=6287"}],"wp:term":[{"taxonomy":"category","embeddable":true,"href":"https:\/\/bangpremier.fr\/index.php\/wp-json\/wp\/v2\/categories?post=6287"},{"taxonomy":"post_tag","embeddable":true,"href":"https:\/\/bangpremier.fr\/index.php\/wp-json\/wp\/v2\/tags?post=6287"}],"curies":[{"name":"wp","href":"https:\/\/api.w.org\/{rel}","templated":true}]}}