{"id":6256,"date":"2025-03-17T16:17:59","date_gmt":"2025-03-17T16:17:59","guid":{"rendered":"https:\/\/bangpremier.fr\/index.php\/2025\/03\/17\/buffy-sarah-michelle-gellar-annonce-une-tres-bonne-nouvelle-sur-le-reboot\/"},"modified":"2025-03-17T16:17:59","modified_gmt":"2025-03-17T16:17:59","slug":"buffy-sarah-michelle-gellar-annonce-une-tres-bonne-nouvelle-sur-le-reboot","status":"publish","type":"post","link":"https:\/\/bangpremier.fr\/index.php\/2025\/03\/17\/buffy-sarah-michelle-gellar-annonce-une-tres-bonne-nouvelle-sur-le-reboot\/","title":{"rendered":"Buffy : Sarah Michelle Gellar annonce une tr\u00e8s bonne nouvelle sur le reboot"},"content":{"rendered":"<p><b>2025-03-17 16:17:59<\/b><br \/>\n<BR>Sarah Michelle Gellar a laiss\u00e9 entendre que le reboot de &#8220;Buffy contre les vampires&#8221; progressait plus vite qu&#8217;elle ne l&#8217;avait pr\u00e9vu.<BR><br \/>\nIl a \u00e9t\u00e9 r\u00e9v\u00e9l\u00e9 le mois dernier que Hulu travaillait sur une suite de la s\u00e9rie embl\u00e9matique et l&#8217;actrice, qui sera \u00e9galement productrice ex\u00e9cutive, a pr\u00e9venu les fans qu&#8217;ils devaient \u00eatre patients mais ne vont probablement pas attendre longtemps.<BR><br \/>\nElle a d\u00e9clar\u00e9 au magazine People : &#8220;Nous avons install\u00e9 nos bureaux, ce qui signifie que les choses progressent probablement plus vite que je ne l&#8217;avais pr\u00e9vu. Mais je pense qu&#8217;il s&#8217;agit d&#8217;un processus. Pour faire les choses comme il faut, tout le monde doit \u00eatre patient car ce n&#8217;est pas quelque chose qui [va arriver] tout seul.&#8221;<BR><br \/>\nSarah, qui rejoindra \u00e9galement les producteurs ex\u00e9cutifs de la s\u00e9rie originale, Gail Berman, Fran Kuzui et Kaz Kuzu, est tr\u00e8s optimiste quant \u00e0 ce projet. <BR><br \/>\nElle a d\u00e9clar\u00e9 : &#8220;Je me pince tous les jours lorsque j&#8217;entre dans ces salles et que je vois Gail Berman, les Zuckerman et Chlo\u00e9 Zhao. C&#8217;est un groupe incroyable. Je ne pensais pas que Chlo\u00e9 Zhao allait m&#8217;appeler et s&#8217;associer avec moi, me demander mon avis sur certaines choses et mon opinion &#8211; surtout parce qu&#8217;elle n&#8217;a jamais fait de t\u00e9l\u00e9vision.&#8221;<BR><br \/>\nLe nom de l&#8217;actrice ou l&#8217;acteur qui portera la s\u00e9rie n&#8217;a pas encore \u00e9t\u00e9 r\u00e9v\u00e9l\u00e9.<br \/>\n<br \/><a href=\"https:\/\/bangpremier.com\/\" target=\"_blank\"> Visit Bang Premier (main website) <\/a><br \/>\n<br \/><script src=\"https:\/\/geo.dailymotion.com\/player\/xt7m2.js\" data-params=\"mute=true\"><\/script><\/p>\n","protected":false},"excerpt":{"rendered":"<p>2025-03-17 16:17:59 Sarah Michelle Gellar a laiss\u00e9 entendre que le reboot de &#8220;Buffy contre les vampires&#8221; progressait plus vite qu&#8217;elle ne l&#8217;avait pr\u00e9vu. Il a \u00e9t\u00e9 r\u00e9v\u00e9l\u00e9 le mois dernier&hellip;<\/p>\n","protected":false},"author":1,"featured_media":5379,"comment_status":"closed","ping_status":"open","sticky":false,"template":"","format":"standard","meta":{"footnotes":""},"categories":[1],"tags":[],"class_list":["post-6256","post","type-post","status-publish","format-standard","has-post-thumbnail","hentry","category-people"],"_links":{"self":[{"href":"https:\/\/bangpremier.fr\/index.php\/wp-json\/wp\/v2\/posts\/6256","targetHints":{"allow":["GET"]}}],"collection":[{"href":"https:\/\/bangpremier.fr\/index.php\/wp-json\/wp\/v2\/posts"}],"about":[{"href":"https:\/\/bangpremier.fr\/index.php\/wp-json\/wp\/v2\/types\/post"}],"author":[{"embeddable":true,"href":"https:\/\/bangpremier.fr\/index.php\/wp-json\/wp\/v2\/users\/1"}],"replies":[{"embeddable":true,"href":"https:\/\/bangpremier.fr\/index.php\/wp-json\/wp\/v2\/comments?post=6256"}],"version-history":[{"count":1,"href":"https:\/\/bangpremier.fr\/index.php\/wp-json\/wp\/v2\/posts\/6256\/revisions"}],"predecessor-version":[{"id":6257,"href":"https:\/\/bangpremier.fr\/index.php\/wp-json\/wp\/v2\/posts\/6256\/revisions\/6257"}],"wp:featuredmedia":[{"embeddable":true,"href":"https:\/\/bangpremier.fr\/index.php\/wp-json\/wp\/v2\/media\/5379"}],"wp:attachment":[{"href":"https:\/\/bangpremier.fr\/index.php\/wp-json\/wp\/v2\/media?parent=6256"}],"wp:term":[{"taxonomy":"category","embeddable":true,"href":"https:\/\/bangpremier.fr\/index.php\/wp-json\/wp\/v2\/categories?post=6256"},{"taxonomy":"post_tag","embeddable":true,"href":"https:\/\/bangpremier.fr\/index.php\/wp-json\/wp\/v2\/tags?post=6256"}],"curies":[{"name":"wp","href":"https:\/\/api.w.org\/{rel}","templated":true}]}}