{"id":6240,"date":"2025-03-17T09:38:10","date_gmt":"2025-03-17T09:38:10","guid":{"rendered":"https:\/\/bangpremier.fr\/index.php\/2025\/03\/17\/kanye-west-accuse-la-famille-kardashian-de-le-priver-de-ses-enfants-cest-comme-si-jetais-en-prison\/"},"modified":"2025-03-17T09:38:11","modified_gmt":"2025-03-17T09:38:11","slug":"kanye-west-accuse-la-famille-kardashian-de-le-priver-de-ses-enfants-cest-comme-si-jetais-en-prison","status":"publish","type":"post","link":"https:\/\/bangpremier.fr\/index.php\/2025\/03\/17\/kanye-west-accuse-la-famille-kardashian-de-le-priver-de-ses-enfants-cest-comme-si-jetais-en-prison\/","title":{"rendered":"Kanye West accuse la famille Kardashian de le priver de ses enfants : &quot;C&#039;est comme si j&#039;\u00e9tais en prison&quot;"},"content":{"rendered":"<p><b>2025-03-17 09:38:10<\/b><br \/>\n<BR>Kanye West a pouss\u00e9 un coup de gueule contre la famille Kardashian sur les r\u00e9seaux sociaux.<BR><br \/>\nLe rappeur, qui a quatre enfants avec son ex-femme Kim Kardashian, a accus\u00e9 son ancienne compagne et sa famille de limiter son acc\u00e8s aux enfants et de l&#8217;emp\u00eacher de prendre des d\u00e9cisions importantes concernant leur \u00e9ducation, comparant cette situation \u00e0 un s\u00e9jour en prison.<BR><br \/>\nDans une s\u00e9rie de posts sur son compte X, Kanye a \u00e9crit : &#8220;Oui, j&#8217;ai des probl\u00e8mes avec les gens qui ont gel\u00e9 mon compte, qui m&#8217;ont enlev\u00e9 mes enfants et qui ont essay\u00e9 de me mettre en prison, et \u00e7a coince&#8230;  Je ne veux pas simplement &#8216;voir&#8217; mes enfants. Je veux pouvoir les \u00e9lever. Je dois pouvoir d\u00e9cider o\u00f9 ils vont \u00e0 l&#8217;\u00e9cole, qui sont leurs amis, chez qui ils dorment, si mes filles portent du rouge \u00e0 l\u00e8vres ou du parfum. Tous ces droits m&#8217;ont \u00e9t\u00e9 retir\u00e9s par la bande Kardashian, Hulu et Disney, et leur but est d&#8217;utiliser les enfants noirs \u00e9lev\u00e9s de mani\u00e8re s\u00e9lective pour en faire des plateformes d&#8217;influence sur les Noirs.&#8221;<BR><br \/>\nKanye a ajout\u00e9 : &#8220;Le simple fait de voir mes enfants est comme un droit de visite. C&#8217;est comme si j&#8217;\u00e9tais en prison et que je voyais mes enfants. Je me fiche de savoir si je vis ou si je meurs, si je suis en prison ou si je suis libre. &#8220;<BR><br \/>\nKim et Kanye ont \u00e9t\u00e9 mari\u00e9s entre 2014 et 2022 et sont parents de North, 11 ans, Saint, 9 ans, Chicago, 6 ans, et Psalm, 5 ans.<br \/>\n<br \/><a href=\"https:\/\/bangpremier.com\/\" target=\"_blank\"> Visit Bang Premier (main website) <\/a><br \/>\n<br \/><script src=\"https:\/\/geo.dailymotion.com\/player\/xt7m2.js\" data-params=\"mute=true\"><\/script><\/p>\n","protected":false},"excerpt":{"rendered":"<p>2025-03-17 09:38:10 Kanye West a pouss\u00e9 un coup de gueule contre la famille Kardashian sur les r\u00e9seaux sociaux. Le rappeur, qui a quatre enfants avec son ex-femme Kim Kardashian, a&hellip;<\/p>\n","protected":false},"author":1,"featured_media":6241,"comment_status":"closed","ping_status":"open","sticky":false,"template":"","format":"standard","meta":{"footnotes":""},"categories":[1],"tags":[],"class_list":["post-6240","post","type-post","status-publish","format-standard","has-post-thumbnail","hentry","category-people"],"_links":{"self":[{"href":"https:\/\/bangpremier.fr\/index.php\/wp-json\/wp\/v2\/posts\/6240","targetHints":{"allow":["GET"]}}],"collection":[{"href":"https:\/\/bangpremier.fr\/index.php\/wp-json\/wp\/v2\/posts"}],"about":[{"href":"https:\/\/bangpremier.fr\/index.php\/wp-json\/wp\/v2\/types\/post"}],"author":[{"embeddable":true,"href":"https:\/\/bangpremier.fr\/index.php\/wp-json\/wp\/v2\/users\/1"}],"replies":[{"embeddable":true,"href":"https:\/\/bangpremier.fr\/index.php\/wp-json\/wp\/v2\/comments?post=6240"}],"version-history":[{"count":1,"href":"https:\/\/bangpremier.fr\/index.php\/wp-json\/wp\/v2\/posts\/6240\/revisions"}],"predecessor-version":[{"id":6242,"href":"https:\/\/bangpremier.fr\/index.php\/wp-json\/wp\/v2\/posts\/6240\/revisions\/6242"}],"wp:featuredmedia":[{"embeddable":true,"href":"https:\/\/bangpremier.fr\/index.php\/wp-json\/wp\/v2\/media\/6241"}],"wp:attachment":[{"href":"https:\/\/bangpremier.fr\/index.php\/wp-json\/wp\/v2\/media?parent=6240"}],"wp:term":[{"taxonomy":"category","embeddable":true,"href":"https:\/\/bangpremier.fr\/index.php\/wp-json\/wp\/v2\/categories?post=6240"},{"taxonomy":"post_tag","embeddable":true,"href":"https:\/\/bangpremier.fr\/index.php\/wp-json\/wp\/v2\/tags?post=6240"}],"curies":[{"name":"wp","href":"https:\/\/api.w.org\/{rel}","templated":true}]}}