{"id":6218,"date":"2025-03-14T15:03:11","date_gmt":"2025-03-14T15:03:11","guid":{"rendered":"https:\/\/bangpremier.fr\/index.php\/2025\/03\/14\/kanye-west-exige-que-les-enfants-de-sa-chorale-se-rasent-le-crane\/"},"modified":"2025-03-14T15:03:12","modified_gmt":"2025-03-14T15:03:12","slug":"kanye-west-exige-que-les-enfants-de-sa-chorale-se-rasent-le-crane","status":"publish","type":"post","link":"https:\/\/bangpremier.fr\/index.php\/2025\/03\/14\/kanye-west-exige-que-les-enfants-de-sa-chorale-se-rasent-le-crane\/","title":{"rendered":"Kanye West exige que les enfants de sa chorale se rasent le cr\u00e2ne"},"content":{"rendered":"<p><b>2025-03-14 15:03:11<\/b><br \/>\n<BR>Kanye West pourrait obliger des enfants de cinq ans \u00e0 se raser la t\u00eate pour faire partie de la chorale de sa messe du dimanche.<BR><br \/>\nLe rappeur ouvre les auditions pour le retour de sa chorale gospel &#8211; qu&#8217;il a lanc\u00e9e pour la premi\u00e8re fois en 2019 &#8211; et il recherche des chanteurs masculins \u00e2g\u00e9s de cinq ans et plus, \u00e0 une condition.<BR><br \/>\nIl a \u00e9crit sur Instagram cette semaine : &#8220;Service du dimanche, la prochaine fronti\u00e8re est de recruter des membres de la chorale masculine. Les personnes s\u00e9lectionn\u00e9es doivent se raser la t\u00eate. Il n&#8217;est pas n\u00e9cessaire d&#8217;avoir le cr\u00e2ne ras\u00e9 pour passer l&#8217;audition. Le lieu de l&#8217;audition se trouve \u00e0 Los Angeles et sera communiqu\u00e9 sur demande. Les auditions publiques auront lieu le jeudi 13 mars \u00e0 16 heures. Les auditions sont ouvertes aux personnes \u00e2g\u00e9es de cinq ans et plus.&#8221;<BR><br \/>\nLe ch\u0153ur de gospel \u00e9tait \u00e0 l&#8217;origine consid\u00e9r\u00e9 comme une &#8220;organisation religieuse, \u00e9ducative, caritative, scientifique, litt\u00e9raire, de test pour la s\u00e9curit\u00e9 publique, de promotion de la comp\u00e9tition sportive amateur nationale ou internationale, ou de pr\u00e9vention de la cruaut\u00e9 envers les enfants ou les animaux.&#8221;<BR><br \/>\nToutefois, le site web de l&#8217;IRS indique que le groupe s&#8217;est vu retirer son statut d&#8217;exon\u00e9ration fiscale en mai de l&#8217;ann\u00e9e derni\u00e8re &#8220;pour n&#8217;avoir pas d\u00e9pos\u00e9 de d\u00e9claration ou d&#8217;avis de s\u00e9rie de formulaire 990 pendant trois ann\u00e9es cons\u00e9cutives.\u201d<br \/>\n<br \/><a href=\"https:\/\/bangpremier.com\/\" target=\"_blank\"> Visit Bang Premier (main website) <\/a><br \/>\n<br \/><script src=\"https:\/\/geo.dailymotion.com\/player\/xt7m2.js\" data-params=\"mute=true\"><\/script><\/p>\n","protected":false},"excerpt":{"rendered":"<p>2025-03-14 15:03:11 Kanye West pourrait obliger des enfants de cinq ans \u00e0 se raser la t\u00eate pour faire partie de la chorale de sa messe du dimanche. Le rappeur ouvre&hellip;<\/p>\n","protected":false},"author":1,"featured_media":6219,"comment_status":"closed","ping_status":"open","sticky":false,"template":"","format":"standard","meta":{"footnotes":""},"categories":[1],"tags":[],"class_list":["post-6218","post","type-post","status-publish","format-standard","has-post-thumbnail","hentry","category-people"],"_links":{"self":[{"href":"https:\/\/bangpremier.fr\/index.php\/wp-json\/wp\/v2\/posts\/6218","targetHints":{"allow":["GET"]}}],"collection":[{"href":"https:\/\/bangpremier.fr\/index.php\/wp-json\/wp\/v2\/posts"}],"about":[{"href":"https:\/\/bangpremier.fr\/index.php\/wp-json\/wp\/v2\/types\/post"}],"author":[{"embeddable":true,"href":"https:\/\/bangpremier.fr\/index.php\/wp-json\/wp\/v2\/users\/1"}],"replies":[{"embeddable":true,"href":"https:\/\/bangpremier.fr\/index.php\/wp-json\/wp\/v2\/comments?post=6218"}],"version-history":[{"count":1,"href":"https:\/\/bangpremier.fr\/index.php\/wp-json\/wp\/v2\/posts\/6218\/revisions"}],"predecessor-version":[{"id":6220,"href":"https:\/\/bangpremier.fr\/index.php\/wp-json\/wp\/v2\/posts\/6218\/revisions\/6220"}],"wp:featuredmedia":[{"embeddable":true,"href":"https:\/\/bangpremier.fr\/index.php\/wp-json\/wp\/v2\/media\/6219"}],"wp:attachment":[{"href":"https:\/\/bangpremier.fr\/index.php\/wp-json\/wp\/v2\/media?parent=6218"}],"wp:term":[{"taxonomy":"category","embeddable":true,"href":"https:\/\/bangpremier.fr\/index.php\/wp-json\/wp\/v2\/categories?post=6218"},{"taxonomy":"post_tag","embeddable":true,"href":"https:\/\/bangpremier.fr\/index.php\/wp-json\/wp\/v2\/tags?post=6218"}],"curies":[{"name":"wp","href":"https:\/\/api.w.org\/{rel}","templated":true}]}}