{"id":6210,"date":"2025-03-14T10:57:42","date_gmt":"2025-03-14T10:57:42","guid":{"rendered":"https:\/\/bangpremier.fr\/index.php\/2025\/03\/14\/justin-bieber-inquiete-ses-fans-avec-une-declaration-troublante-je-suis-si-egoiste\/"},"modified":"2025-03-14T10:57:43","modified_gmt":"2025-03-14T10:57:43","slug":"justin-bieber-inquiete-ses-fans-avec-une-declaration-troublante-je-suis-si-egoiste","status":"publish","type":"post","link":"https:\/\/bangpremier.fr\/index.php\/2025\/03\/14\/justin-bieber-inquiete-ses-fans-avec-une-declaration-troublante-je-suis-si-egoiste\/","title":{"rendered":"Justin Bieber inqui\u00e8te ses fans avec une d\u00e9claration troublante : &quot;Je suis si \u00e9go\u00efste&quot;"},"content":{"rendered":"<p><b>2025-03-14 10:57:42<\/b><br \/>\n<BR>Justin Bieber a caus\u00e9 beaucoup d&#8217;inqui\u00e9tude parmi ses fans en publiant un message m\u00e9lancolique sur son compte Instagram. Le chanteur de 31 ans faisait d\u00e9j\u00e0 l&#8217;objet de rumeurs sur son \u00e9tat physique et mental ces derniers temps et vient de confirmer qu&#8217;il ne se porte pas tr\u00e8s bien. <BR><br \/>\n\u200bIl a d\u00e9clar\u00e9 : &#8220;Les gens m&#8217;ont dit toute ma vie, &#8216;Wow, Justin, tu m\u00e9rites tout \u00e7a&#8217;. Personnellement, je me suis toujours senti indigne, comme si j&#8217;\u00e9tais un imposteur. Cela me donnait l&#8217;impression d&#8217;\u00eatre sournois, comme s&#8217;ils connaissaient mes pens\u00e9es. Je juge tellement les gens, je suis si \u00e9go\u00efste&#8230; ils ne diraient pas cela s&#8217;ils savaient. Je dis tout cela pour dire que si vous vous avez l&#8217;impression d&#8217;\u00eatre une mauvaise personne, bienvenue au club. Je me sens vraiment mal \u00e9quip\u00e9 et non qualifi\u00e9 la plupart du temps&#8221;.<BR><br \/>\nJustin\u200b a perc\u00e9 \u00e0 l&#8217;\u00e2ge de 15 ans apr\u00e8s avoir \u00e9t\u00e9 d\u00e9couvert sur YouTube\u200b, ce apr\u00e8s quoi il a \u00e9t\u00e9 propuls\u00e9 au rang de star mondiale en tr\u00e8s peu de temps apr\u00e8s avoir sign\u00e9 \u200bun contrat avec le label de son ami et mentor Usher. <BR><br \/>\nDepuis, il est devenu l&#8217;un des artistes musicaux les plus vendus au monde, avec environ 150 millions de disques vendus\u200b.<br \/>\n<br \/><a href=\"https:\/\/bangpremier.com\/\" target=\"_blank\"> Visit Bang Premier (main website) <\/a><br \/>\n<br \/><script src=\"https:\/\/geo.dailymotion.com\/player\/xt7m2.js\" data-params=\"mute=true\"><\/script><\/p>\n","protected":false},"excerpt":{"rendered":"<p>2025-03-14 10:57:42 Justin Bieber a caus\u00e9 beaucoup d&#8217;inqui\u00e9tude parmi ses fans en publiant un message m\u00e9lancolique sur son compte Instagram. Le chanteur de 31 ans faisait d\u00e9j\u00e0 l&#8217;objet de rumeurs&hellip;<\/p>\n","protected":false},"author":1,"featured_media":6211,"comment_status":"closed","ping_status":"open","sticky":false,"template":"","format":"standard","meta":{"footnotes":""},"categories":[1],"tags":[],"class_list":["post-6210","post","type-post","status-publish","format-standard","has-post-thumbnail","hentry","category-people"],"_links":{"self":[{"href":"https:\/\/bangpremier.fr\/index.php\/wp-json\/wp\/v2\/posts\/6210","targetHints":{"allow":["GET"]}}],"collection":[{"href":"https:\/\/bangpremier.fr\/index.php\/wp-json\/wp\/v2\/posts"}],"about":[{"href":"https:\/\/bangpremier.fr\/index.php\/wp-json\/wp\/v2\/types\/post"}],"author":[{"embeddable":true,"href":"https:\/\/bangpremier.fr\/index.php\/wp-json\/wp\/v2\/users\/1"}],"replies":[{"embeddable":true,"href":"https:\/\/bangpremier.fr\/index.php\/wp-json\/wp\/v2\/comments?post=6210"}],"version-history":[{"count":1,"href":"https:\/\/bangpremier.fr\/index.php\/wp-json\/wp\/v2\/posts\/6210\/revisions"}],"predecessor-version":[{"id":6212,"href":"https:\/\/bangpremier.fr\/index.php\/wp-json\/wp\/v2\/posts\/6210\/revisions\/6212"}],"wp:featuredmedia":[{"embeddable":true,"href":"https:\/\/bangpremier.fr\/index.php\/wp-json\/wp\/v2\/media\/6211"}],"wp:attachment":[{"href":"https:\/\/bangpremier.fr\/index.php\/wp-json\/wp\/v2\/media?parent=6210"}],"wp:term":[{"taxonomy":"category","embeddable":true,"href":"https:\/\/bangpremier.fr\/index.php\/wp-json\/wp\/v2\/categories?post=6210"},{"taxonomy":"post_tag","embeddable":true,"href":"https:\/\/bangpremier.fr\/index.php\/wp-json\/wp\/v2\/tags?post=6210"}],"curies":[{"name":"wp","href":"https:\/\/api.w.org\/{rel}","templated":true}]}}