{"id":6192,"date":"2025-03-13T11:41:12","date_gmt":"2025-03-13T11:41:12","guid":{"rendered":"https:\/\/bangpremier.fr\/index.php\/2025\/03\/13\/scarlett-johansson-refuse-de-prendre-des-photos-avec-ses-fans-cela-offense-beaucoup-de-gens\/"},"modified":"2025-03-13T11:41:12","modified_gmt":"2025-03-13T11:41:12","slug":"scarlett-johansson-refuse-de-prendre-des-photos-avec-ses-fans-cela-offense-beaucoup-de-gens","status":"publish","type":"post","link":"https:\/\/bangpremier.fr\/index.php\/2025\/03\/13\/scarlett-johansson-refuse-de-prendre-des-photos-avec-ses-fans-cela-offense-beaucoup-de-gens\/","title":{"rendered":"Scarlett Johansson refuse de prendre des photos avec ses fans : \u201cCela offense beaucoup de gens\u201d"},"content":{"rendered":"<p><b>2025-03-13 11:41:11<\/b><br \/>\n<BR>Scarlett Johansson a reconnu qu&#8217;elle blesse parfois ses fans en refusant de prendre des selfies avec eux.<BR><br \/>\nL&#8217;actrice est de nature r\u00e9serv\u00e9e et admet qu&#8217;elle ne s&#8217;arr\u00eate pas pour prendre des photos avec les fans qui l&#8217;approchent lorsqu&#8217;elle ne travaille pas.<BR><br \/>\nElle a d\u00e9clar\u00e9 au magazine InStyle : &#8220;Cela offense beaucoup de gens. Cela ne veut pas dire que je n&#8217;appr\u00e9cie pas, bien s\u00fbr, que les gens soient fans ou heureux de me voir. Mais je dis toujours aux gens &#8220;Je ne travaille pas aujourd&#8217;hui&#8221;. Je ne veux pas \u00eatre identifi\u00e9e comme \u00e9tant \u00e0 ce moment et \u00e0 cet endroit avec vous. Je fais ce que j&#8217;ai \u00e0 faire&#8221;.<BR><br \/>\nElle ajoute : &#8220;J&#8217;aime \u00eatre dans mes propres pens\u00e9es qui n&#8217;ont rien \u00e0 voir avec ce que les autres pensent de moi. Je n&#8217;aime pas \u00eatre g\u00ean\u00e9e&#8221;.<BR><br \/>\nScarlett a ensuite r\u00e9v\u00e9l\u00e9 qu&#8217;elle avait de l&#8217;empathie pour la chanteuse Chappell Roan, qui a parl\u00e9 ouvertement de sa difficult\u00e9 \u00e0 vivre sous les feux de la rampe.<BR><br \/>\n&#8220;Comme tout le monde, je suis tomb\u00e9e amoureuse d&#8217;elle au cours de l&#8217;\u00e9t\u00e9&#8221; a confi\u00e9 Scarlett. &#8220;Elle n&#8217;a pas m\u00e2ch\u00e9 ses mots pour dire \u00e0 quel point il lui a \u00e9t\u00e9 difficile de s&#8217;adapter \u00e0 la c\u00e9l\u00e9brit\u00e9.&#8221;<br \/>\n<br \/><a href=\"https:\/\/bangpremier.com\/\" target=\"_blank\"> Visit Bang Premier (main website) <\/a><br \/>\n<br \/><script src=\"https:\/\/geo.dailymotion.com\/player\/xt7m2.js\" data-params=\"mute=true\"><\/script><\/p>\n","protected":false},"excerpt":{"rendered":"<p>2025-03-13 11:41:11 Scarlett Johansson a reconnu qu&#8217;elle blesse parfois ses fans en refusant de prendre des selfies avec eux. L&#8217;actrice est de nature r\u00e9serv\u00e9e et admet qu&#8217;elle ne s&#8217;arr\u00eate pas&hellip;<\/p>\n","protected":false},"author":1,"featured_media":6193,"comment_status":"closed","ping_status":"open","sticky":false,"template":"","format":"standard","meta":{"footnotes":""},"categories":[1],"tags":[],"class_list":["post-6192","post","type-post","status-publish","format-standard","has-post-thumbnail","hentry","category-people"],"_links":{"self":[{"href":"https:\/\/bangpremier.fr\/index.php\/wp-json\/wp\/v2\/posts\/6192","targetHints":{"allow":["GET"]}}],"collection":[{"href":"https:\/\/bangpremier.fr\/index.php\/wp-json\/wp\/v2\/posts"}],"about":[{"href":"https:\/\/bangpremier.fr\/index.php\/wp-json\/wp\/v2\/types\/post"}],"author":[{"embeddable":true,"href":"https:\/\/bangpremier.fr\/index.php\/wp-json\/wp\/v2\/users\/1"}],"replies":[{"embeddable":true,"href":"https:\/\/bangpremier.fr\/index.php\/wp-json\/wp\/v2\/comments?post=6192"}],"version-history":[{"count":1,"href":"https:\/\/bangpremier.fr\/index.php\/wp-json\/wp\/v2\/posts\/6192\/revisions"}],"predecessor-version":[{"id":6194,"href":"https:\/\/bangpremier.fr\/index.php\/wp-json\/wp\/v2\/posts\/6192\/revisions\/6194"}],"wp:featuredmedia":[{"embeddable":true,"href":"https:\/\/bangpremier.fr\/index.php\/wp-json\/wp\/v2\/media\/6193"}],"wp:attachment":[{"href":"https:\/\/bangpremier.fr\/index.php\/wp-json\/wp\/v2\/media?parent=6192"}],"wp:term":[{"taxonomy":"category","embeddable":true,"href":"https:\/\/bangpremier.fr\/index.php\/wp-json\/wp\/v2\/categories?post=6192"},{"taxonomy":"post_tag","embeddable":true,"href":"https:\/\/bangpremier.fr\/index.php\/wp-json\/wp\/v2\/tags?post=6192"}],"curies":[{"name":"wp","href":"https:\/\/api.w.org\/{rel}","templated":true}]}}