{"id":6170,"date":"2025-03-12T09:36:03","date_gmt":"2025-03-12T09:36:03","guid":{"rendered":"https:\/\/bangpremier.fr\/index.php\/2025\/03\/12\/millie-bobby-brown-compte-se-raser-le-crane-quand-elle-sera-maman\/"},"modified":"2025-03-12T09:36:03","modified_gmt":"2025-03-12T09:36:03","slug":"millie-bobby-brown-compte-se-raser-le-crane-quand-elle-sera-maman","status":"publish","type":"post","link":"https:\/\/bangpremier.fr\/index.php\/2025\/03\/12\/millie-bobby-brown-compte-se-raser-le-crane-quand-elle-sera-maman\/","title":{"rendered":"Millie Bobby Brown compte se raser le cr\u00e2ne quand elle sera maman"},"content":{"rendered":"<p><b>2025-03-12 09:36:02<\/b><br \/>\n<BR>Millie Bobby Brown veut se raser le cr\u00e2ne lorsqu&#8217;elle aura son premier enfant.<BR><br \/>\nL&#8217;actrice de 21 ans &#8211; qui a r\u00e9cemment \u00e9pous\u00e9 Jake Bongiovi, le fils de Jon Bon Jovi &#8211; souhaite fonder une famille \u00e0 l&#8217;avenir, et elle aimerait revenir \u00e0 son look embl\u00e9matique dans Stranger Things en se d\u00e9barrassant de ses cheveux \u00e0 temps pour l&#8217;accouchement.<BR><br \/>\nElle a d\u00e9clar\u00e9 sur podcast Call Her Daddy : &#8220;Je dis toujours \u00e0 Jake que pour mon premier b\u00e9b\u00e9, je veux me raser les cheveux. C&#8217;\u00e9tait vraiment lib\u00e9rateur, je le conseillerais \u00e0 n&#8217;importe qui. N&#8217;importe quelle fille&#8230; Peut-\u00eatre [que je les raserais] juste avant d&#8217;accoucher parce que je pense que les cheveux sont une telle \u00e9preuve \u00e0 g\u00e9rer de toute fa\u00e7on. Je vais nourrir mon enfant. Pourquoi m&#8217;occuper de mes cheveux ? Et je pense que c&#8217;est une exp\u00e9rience tellement lib\u00e9ratrice. J&#8217;ai eu cette exp\u00e9rience en tant que fille, mais j&#8217;aimerais avoir cette exp\u00e9rience en tant que femme.&#8221;<BR><br \/>\nMillie n&#8217;avait que 12 ans lorsqu&#8217;elle a \u00e9t\u00e9 choisie pour incarner Eleven dans \u201cStranger Things\u201d mais elle n&#8217;a eu absolument aucun scrupule \u00e0 se raser la t\u00eate avant de tourner la s\u00e9rie \u00e0 succ\u00e8s de Netflix.<BR><br \/>\nElle raconte : &#8220;Honn\u00eatement, je m&#8217;en fichais. Je n&#8217;\u00e9tais pas anxieuse, je n&#8217;\u00e9tais pas triste quand ils m&#8217;ont ras\u00e9 la t\u00eate.&#8221;<br \/>\n<br \/><a href=\"https:\/\/bangpremier.com\/\" target=\"_blank\"> Visit Bang Premier (main website) <\/a><br \/>\n<br \/><script src=\"https:\/\/geo.dailymotion.com\/player\/xt7m2.js\" data-params=\"mute=true\"><\/script><\/p>\n","protected":false},"excerpt":{"rendered":"<p>2025-03-12 09:36:02 Millie Bobby Brown veut se raser le cr\u00e2ne lorsqu&#8217;elle aura son premier enfant. L&#8217;actrice de 21 ans &#8211; qui a r\u00e9cemment \u00e9pous\u00e9 Jake Bongiovi, le fils de Jon&hellip;<\/p>\n","protected":false},"author":1,"featured_media":6171,"comment_status":"closed","ping_status":"open","sticky":false,"template":"","format":"standard","meta":{"footnotes":""},"categories":[1],"tags":[],"class_list":["post-6170","post","type-post","status-publish","format-standard","has-post-thumbnail","hentry","category-people"],"_links":{"self":[{"href":"https:\/\/bangpremier.fr\/index.php\/wp-json\/wp\/v2\/posts\/6170","targetHints":{"allow":["GET"]}}],"collection":[{"href":"https:\/\/bangpremier.fr\/index.php\/wp-json\/wp\/v2\/posts"}],"about":[{"href":"https:\/\/bangpremier.fr\/index.php\/wp-json\/wp\/v2\/types\/post"}],"author":[{"embeddable":true,"href":"https:\/\/bangpremier.fr\/index.php\/wp-json\/wp\/v2\/users\/1"}],"replies":[{"embeddable":true,"href":"https:\/\/bangpremier.fr\/index.php\/wp-json\/wp\/v2\/comments?post=6170"}],"version-history":[{"count":1,"href":"https:\/\/bangpremier.fr\/index.php\/wp-json\/wp\/v2\/posts\/6170\/revisions"}],"predecessor-version":[{"id":6172,"href":"https:\/\/bangpremier.fr\/index.php\/wp-json\/wp\/v2\/posts\/6170\/revisions\/6172"}],"wp:featuredmedia":[{"embeddable":true,"href":"https:\/\/bangpremier.fr\/index.php\/wp-json\/wp\/v2\/media\/6171"}],"wp:attachment":[{"href":"https:\/\/bangpremier.fr\/index.php\/wp-json\/wp\/v2\/media?parent=6170"}],"wp:term":[{"taxonomy":"category","embeddable":true,"href":"https:\/\/bangpremier.fr\/index.php\/wp-json\/wp\/v2\/categories?post=6170"},{"taxonomy":"post_tag","embeddable":true,"href":"https:\/\/bangpremier.fr\/index.php\/wp-json\/wp\/v2\/tags?post=6170"}],"curies":[{"name":"wp","href":"https:\/\/api.w.org\/{rel}","templated":true}]}}