{"id":6152,"date":"2025-03-11T11:22:14","date_gmt":"2025-03-11T11:22:14","guid":{"rendered":"https:\/\/bangpremier.fr\/index.php\/2025\/03\/11\/hailey-bieber-toujours-en-guerre-contre-selena-gomez-son-porte-parole-fait-une-rare-declaration\/"},"modified":"2025-03-11T11:22:14","modified_gmt":"2025-03-11T11:22:14","slug":"hailey-bieber-toujours-en-guerre-contre-selena-gomez-son-porte-parole-fait-une-rare-declaration","status":"publish","type":"post","link":"https:\/\/bangpremier.fr\/index.php\/2025\/03\/11\/hailey-bieber-toujours-en-guerre-contre-selena-gomez-son-porte-parole-fait-une-rare-declaration\/","title":{"rendered":"Hailey Bieber toujours en guerre contre Selena Gomez \n? Son porte-parole fait une rare d\u00e9claration"},"content":{"rendered":"<p><b>2025-03-11 11:22:14<\/b><br \/>\n<BR>Un repr\u00e9sentant de Hailey Bieber a fait de rares commentaires sur sa pr\u00e9tendue querelle avec Selena Gomez.<BR><br \/>\nUne utilisatrice de TikTok connue sous le nom de Courtney a affirm\u00e9 que la star de 28 ans a &#8220;aim\u00e9&#8221; une des vid\u00e9os dans laquelle elle critiquait Selena et son fianc\u00e9 Benny Blanco.<BR><br \/>\nCependant, le repr\u00e9sentant d&#8217;Hailey a d\u00e9clar\u00e9 tout le contraire \u00e0 Us Weekly. &#8220;Cela n&#8217;est jamais arriv\u00e9&#8221; a-t-il affirm\u00e9. &#8220;Toute cette histoire a \u00e9t\u00e9 fabriqu\u00e9e par un cr\u00e9ateur de contenu qui cherche \u00e0 capitaliser sur une vieille histoire.&#8221;<BR><br \/>\nLe mois dernier, la cr\u00e9atrice avait partag\u00e9 des photos de la r\u00e9cente s\u00e9ance de photos du couple pour la couverture du magazine Interview.<BR><br \/>\nElle avait \u00e9crit \u00e0 c\u00f4t\u00e9 du message original qu&#8217;elle &#8220;ne peut vraiment pas d\u00e9cider laquelle est la pire.&#8221;<BR><br \/>\nLa semaine derni\u00e8re, elle a affirm\u00e9 que Hailey avait aim\u00e9 la vid\u00e9o, accompagn\u00e9e d&#8217;une pr\u00e9tendue capture d&#8217;\u00e9cran.<BR><br \/>\nElle a d\u00e9clar\u00e9 dans une deuxi\u00e8me vid\u00e9o, le 6 mars : &#8220;Hailey Bieber elle-m\u00eame a aim\u00e9 mon TikTok. Ne vous en prenez pas forc\u00e9ment \u00e0 moi dans les commentaires, mais j&#8217;ai \u00e9t\u00e9 un peu m\u00e9chante avec Selena Gomez&#8221;.<BR><br \/>\nL&#8217;\u00e9quipe d&#8217;Hailey a ni\u00e9 ces propos.<br \/>\n<br \/><a href=\"https:\/\/bangpremier.com\/\" target=\"_blank\"> Visit Bang Premier (main website) <\/a><br \/>\n<br \/><script src=\"https:\/\/geo.dailymotion.com\/player\/xt7m2.js\" data-params=\"mute=true\"><\/script><\/p>\n","protected":false},"excerpt":{"rendered":"<p>2025-03-11 11:22:14 Un repr\u00e9sentant de Hailey Bieber a fait de rares commentaires sur sa pr\u00e9tendue querelle avec Selena Gomez. Une utilisatrice de TikTok connue sous le nom de Courtney a&hellip;<\/p>\n","protected":false},"author":1,"featured_media":6153,"comment_status":"closed","ping_status":"open","sticky":false,"template":"","format":"standard","meta":{"footnotes":""},"categories":[1],"tags":[],"class_list":["post-6152","post","type-post","status-publish","format-standard","has-post-thumbnail","hentry","category-people"],"_links":{"self":[{"href":"https:\/\/bangpremier.fr\/index.php\/wp-json\/wp\/v2\/posts\/6152","targetHints":{"allow":["GET"]}}],"collection":[{"href":"https:\/\/bangpremier.fr\/index.php\/wp-json\/wp\/v2\/posts"}],"about":[{"href":"https:\/\/bangpremier.fr\/index.php\/wp-json\/wp\/v2\/types\/post"}],"author":[{"embeddable":true,"href":"https:\/\/bangpremier.fr\/index.php\/wp-json\/wp\/v2\/users\/1"}],"replies":[{"embeddable":true,"href":"https:\/\/bangpremier.fr\/index.php\/wp-json\/wp\/v2\/comments?post=6152"}],"version-history":[{"count":1,"href":"https:\/\/bangpremier.fr\/index.php\/wp-json\/wp\/v2\/posts\/6152\/revisions"}],"predecessor-version":[{"id":6154,"href":"https:\/\/bangpremier.fr\/index.php\/wp-json\/wp\/v2\/posts\/6152\/revisions\/6154"}],"wp:featuredmedia":[{"embeddable":true,"href":"https:\/\/bangpremier.fr\/index.php\/wp-json\/wp\/v2\/media\/6153"}],"wp:attachment":[{"href":"https:\/\/bangpremier.fr\/index.php\/wp-json\/wp\/v2\/media?parent=6152"}],"wp:term":[{"taxonomy":"category","embeddable":true,"href":"https:\/\/bangpremier.fr\/index.php\/wp-json\/wp\/v2\/categories?post=6152"},{"taxonomy":"post_tag","embeddable":true,"href":"https:\/\/bangpremier.fr\/index.php\/wp-json\/wp\/v2\/tags?post=6152"}],"curies":[{"name":"wp","href":"https:\/\/api.w.org\/{rel}","templated":true}]}}