{"id":6143,"date":"2025-03-10T15:48:59","date_gmt":"2025-03-10T15:48:59","guid":{"rendered":"https:\/\/bangpremier.fr\/index.php\/2025\/03\/10\/avatar-3-james-cameron-annonce-un-film-encore-plus-long-que-les-deux-premiers\/"},"modified":"2025-03-10T15:49:00","modified_gmt":"2025-03-10T15:49:00","slug":"avatar-3-james-cameron-annonce-un-film-encore-plus-long-que-les-deux-premiers","status":"publish","type":"post","link":"https:\/\/bangpremier.fr\/index.php\/2025\/03\/10\/avatar-3-james-cameron-annonce-un-film-encore-plus-long-que-les-deux-premiers\/","title":{"rendered":"Avatar 3 : James Cameron annonce un film encore plus long que les deux premiers !"},"content":{"rendered":"<p><b>2025-03-10 15:48:59<\/b><br \/>\n<BR>James Cameron a r\u00e9v\u00e9l\u00e9 qu&#8217;Avatar sera encore plus long que le deuxi\u00e8me opus.<BR><br \/>\nLe cin\u00e9aste de 70 ans a admis qu&#8217;il avait \u00e9t\u00e9 un peu loin avec le dernier volet &#8211; qui durait trois heures et douze minutes &#8211; mais il a d\u00e9cid\u00e9 de faire encore plus fort avec le prochain film. <BR><br \/>\nIl a d\u00e9clar\u00e9 au magazine Empire : &#8220;En un mot, nous avions trop d&#8217;id\u00e9es g\u00e9niales dans le premier acte du film 2. Le film avan\u00e7ait comme un train \u00e0 grande vitesse et nous ne nous attardions pas assez sur les personnages. J&#8217;ai donc dit &#8216;Les gars, il faut qu&#8217;on supprime des choses. Le 3 sera en fait un peu plus long que le 2.&#8221;<BR><br \/>\nSa cosc\u00e9nariste Amanda Silver, qui a \u00e9crit le sc\u00e9nario avec lui et Rick Jaffa, a soulign\u00e9 que les deuxi\u00e8me et troisi\u00e8me films avaient \u00e9t\u00e9 coup\u00e9s en deux pour faire respirer les personnages.<BR><br \/>\nElle a ajout\u00e9 : &#8220;Ces films sont bien plus qu&#8217;une simple intrigue propulsive et un spectacle magnifique. Il s&#8217;agit de v\u00e9ritables personnages.\u201d<br \/>\n<br \/><a href=\"https:\/\/bangpremier.com\/\" target=\"_blank\"> Visit Bang Premier (main website) <\/a><br \/>\n<br \/><script src=\"https:\/\/geo.dailymotion.com\/player\/xt7m2.js\" data-params=\"mute=true\"><\/script><\/p>\n","protected":false},"excerpt":{"rendered":"<p>2025-03-10 15:48:59 James Cameron a r\u00e9v\u00e9l\u00e9 qu&#8217;Avatar sera encore plus long que le deuxi\u00e8me opus. Le cin\u00e9aste de 70 ans a admis qu&#8217;il avait \u00e9t\u00e9 un peu loin avec le&hellip;<\/p>\n","protected":false},"author":1,"featured_media":6144,"comment_status":"closed","ping_status":"open","sticky":false,"template":"","format":"standard","meta":{"footnotes":""},"categories":[1],"tags":[],"class_list":["post-6143","post","type-post","status-publish","format-standard","has-post-thumbnail","hentry","category-people"],"_links":{"self":[{"href":"https:\/\/bangpremier.fr\/index.php\/wp-json\/wp\/v2\/posts\/6143","targetHints":{"allow":["GET"]}}],"collection":[{"href":"https:\/\/bangpremier.fr\/index.php\/wp-json\/wp\/v2\/posts"}],"about":[{"href":"https:\/\/bangpremier.fr\/index.php\/wp-json\/wp\/v2\/types\/post"}],"author":[{"embeddable":true,"href":"https:\/\/bangpremier.fr\/index.php\/wp-json\/wp\/v2\/users\/1"}],"replies":[{"embeddable":true,"href":"https:\/\/bangpremier.fr\/index.php\/wp-json\/wp\/v2\/comments?post=6143"}],"version-history":[{"count":1,"href":"https:\/\/bangpremier.fr\/index.php\/wp-json\/wp\/v2\/posts\/6143\/revisions"}],"predecessor-version":[{"id":6145,"href":"https:\/\/bangpremier.fr\/index.php\/wp-json\/wp\/v2\/posts\/6143\/revisions\/6145"}],"wp:featuredmedia":[{"embeddable":true,"href":"https:\/\/bangpremier.fr\/index.php\/wp-json\/wp\/v2\/media\/6144"}],"wp:attachment":[{"href":"https:\/\/bangpremier.fr\/index.php\/wp-json\/wp\/v2\/media?parent=6143"}],"wp:term":[{"taxonomy":"category","embeddable":true,"href":"https:\/\/bangpremier.fr\/index.php\/wp-json\/wp\/v2\/categories?post=6143"},{"taxonomy":"post_tag","embeddable":true,"href":"https:\/\/bangpremier.fr\/index.php\/wp-json\/wp\/v2\/tags?post=6143"}],"curies":[{"name":"wp","href":"https:\/\/api.w.org\/{rel}","templated":true}]}}