{"id":6133,"date":"2025-03-10T10:45:52","date_gmt":"2025-03-10T10:45:52","guid":{"rendered":"https:\/\/bangpremier.fr\/index.php\/2025\/03\/10\/amanda-seyfried-sest-retrouvee-seins-nus-face-a-glen-powell-ma-robe-a-completement-lache\/"},"modified":"2025-03-10T10:45:53","modified_gmt":"2025-03-10T10:45:53","slug":"amanda-seyfried-sest-retrouvee-seins-nus-face-a-glen-powell-ma-robe-a-completement-lache","status":"publish","type":"post","link":"https:\/\/bangpremier.fr\/index.php\/2025\/03\/10\/amanda-seyfried-sest-retrouvee-seins-nus-face-a-glen-powell-ma-robe-a-completement-lache\/","title":{"rendered":"Amanda Seyfried s&#039;est retrouv\u00e9e seins nus face \u00e0 Glen Powell : &quot;Ma robe a compl\u00e8tement l\u00e2ch\u00e9&quot;"},"content":{"rendered":"<p><b>2025-03-10 10:45:52<\/b><br \/>\n<BR>Amanda Seyfried a pouss\u00e9 un cri lorsqu&#8217;un probl\u00e8me de garde-robe l&#8217;a fait se retrouver seins nus devant Glen Powell.<BR><br \/>\nL&#8217;actrice de 39 ans assistait aux Critics Choice Awards en 2023 et discutait avec le com\u00e9dien lorsque sa robe a gliss\u00e9 de ses \u00e9paules.<BR><br \/>\nElle a racont\u00e9 \u00e0 People : &#8220;Mes seins sont tomb\u00e9s de ma robe lors des Critics Choice Awards de 2023. Je portais une superbe robe vintage. Elle \u00e9tait finement cousue et elle a commenc\u00e9 \u00e0 se d\u00e9tacher litt\u00e9ralement de moi sur le tapis rouge, et je crois qu&#8217;il y a m\u00eame eu des interviews o\u00f9 j&#8217;ai dit qu&#8217;elle se d\u00e9tachait. Je parlais \u00e0 Glen Powell dans un coin, pr\u00e8s de ma table, et nous plaisantions \u00e0 propos de quelque chose, j&#8217;ai lev\u00e9 les bras et mes seins \u00e9taient \u00e0 l&#8217;air. Ma robe s&#8217;est effondr\u00e9e.\u00a0Nous avons cri\u00e9 tous les deux et, en gentleman qu&#8217;il est, il m&#8217;a couverte.&#8221;<BR><br \/>\nAmanda a ajout\u00e9 que Glen a d\u00e9tourn\u00e9 le regard et qu&#8217;elle a d\u00fb emprunter la veste de quelqu&#8217;un.<BR><br \/>\n&#8220;Il n&#8217;a pas regard\u00e9&#8230; je pense&#8221; a-t-elle ajout\u00e9. &#8220;Aucun d&#8217;entre nous ne s&#8217;attendait \u00e0 cela, mais ma robe a compl\u00e8tement l\u00e2ch\u00e9.&#8221;<br \/>\n<br \/><a href=\"https:\/\/bangpremier.com\/\" target=\"_blank\"> Visit Bang Premier (main website) <\/a><br \/>\n<br \/><script src=\"https:\/\/geo.dailymotion.com\/player\/xt7m2.js\" data-params=\"mute=true\"><\/script><\/p>\n","protected":false},"excerpt":{"rendered":"<p>2025-03-10 10:45:52 Amanda Seyfried a pouss\u00e9 un cri lorsqu&#8217;un probl\u00e8me de garde-robe l&#8217;a fait se retrouver seins nus devant Glen Powell. L&#8217;actrice de 39 ans assistait aux Critics Choice Awards&hellip;<\/p>\n","protected":false},"author":1,"featured_media":6134,"comment_status":"closed","ping_status":"open","sticky":false,"template":"","format":"standard","meta":{"footnotes":""},"categories":[1],"tags":[],"class_list":["post-6133","post","type-post","status-publish","format-standard","has-post-thumbnail","hentry","category-people"],"_links":{"self":[{"href":"https:\/\/bangpremier.fr\/index.php\/wp-json\/wp\/v2\/posts\/6133","targetHints":{"allow":["GET"]}}],"collection":[{"href":"https:\/\/bangpremier.fr\/index.php\/wp-json\/wp\/v2\/posts"}],"about":[{"href":"https:\/\/bangpremier.fr\/index.php\/wp-json\/wp\/v2\/types\/post"}],"author":[{"embeddable":true,"href":"https:\/\/bangpremier.fr\/index.php\/wp-json\/wp\/v2\/users\/1"}],"replies":[{"embeddable":true,"href":"https:\/\/bangpremier.fr\/index.php\/wp-json\/wp\/v2\/comments?post=6133"}],"version-history":[{"count":1,"href":"https:\/\/bangpremier.fr\/index.php\/wp-json\/wp\/v2\/posts\/6133\/revisions"}],"predecessor-version":[{"id":6135,"href":"https:\/\/bangpremier.fr\/index.php\/wp-json\/wp\/v2\/posts\/6133\/revisions\/6135"}],"wp:featuredmedia":[{"embeddable":true,"href":"https:\/\/bangpremier.fr\/index.php\/wp-json\/wp\/v2\/media\/6134"}],"wp:attachment":[{"href":"https:\/\/bangpremier.fr\/index.php\/wp-json\/wp\/v2\/media?parent=6133"}],"wp:term":[{"taxonomy":"category","embeddable":true,"href":"https:\/\/bangpremier.fr\/index.php\/wp-json\/wp\/v2\/categories?post=6133"},{"taxonomy":"post_tag","embeddable":true,"href":"https:\/\/bangpremier.fr\/index.php\/wp-json\/wp\/v2\/tags?post=6133"}],"curies":[{"name":"wp","href":"https:\/\/api.w.org\/{rel}","templated":true}]}}