{"id":6083,"date":"2025-03-06T10:27:10","date_gmt":"2025-03-06T10:27:10","guid":{"rendered":"https:\/\/bangpremier.fr\/index.php\/2025\/03\/06\/shannen-doherty-ignoree-aux-oscars-jennie-garth-beverly-hills-90210-sindigne-a-son-tour\/"},"modified":"2025-03-06T10:27:11","modified_gmt":"2025-03-06T10:27:11","slug":"shannen-doherty-ignoree-aux-oscars-jennie-garth-beverly-hills-90210-sindigne-a-son-tour","status":"publish","type":"post","link":"https:\/\/bangpremier.fr\/index.php\/2025\/03\/06\/shannen-doherty-ignoree-aux-oscars-jennie-garth-beverly-hills-90210-sindigne-a-son-tour\/","title":{"rendered":"Shannen Doherty ignor\u00e9e aux Oscars : Jennie Garth (Beverly Hills 90210) s&#039;indigne \u00e0 son tour"},"content":{"rendered":"<p><b>2025-03-06 10:27:10<\/b><br \/>\n<BR>Jennie Garth a trouv\u00e9 deplorable que Shannen Doherty n&#8217;ait pas \u00e9t\u00e9 incluse dans le segment In Memoriam de la c\u00e9r\u00e9monie des Oscars <BR><br \/>\nL&#8217;actrice de &#8220;Charmed&#8221; est d\u00e9c\u00e9d\u00e9e en juillet 2024 \u00e0 l&#8217;\u00e2ge de 53 ans apr\u00e8s une longue bataille contre le cancer, mais certains ont \u00e9t\u00e9 surpris de constater qu&#8217;elle ne faisait pas partie du segment annuel qui rend hommage aux personnes d\u00e9c\u00e9d\u00e9es au cours des 12 derniers mois. <BR><br \/>\nJennie Garth, qui a jou\u00e9 \u00e0 ses c\u00f4t\u00e9s dans la s\u00e9rie &#8220;Beverly Hills 90210&#8221; a \u00e9galement fait part de son indignation aupr\u00e8s de TMZ.<BR><br \/>\nElle a simplement d\u00e9clar\u00e9 : &#8220;Oui, c&#8217;est n&#8217;importe quoi.&#8221;<BR><br \/>\nLorsqu&#8217;il lui a \u00e9t\u00e9 demande si l&#8217;Acad\u00e9mie devrait s&#8217;excuser, l&#8217;actrice a reconnu que cela pourrait \u00eatre une solution.<BR><br \/>\nSes commentaires surviennent quelques jours seulement apr\u00e8s que les repr\u00e9sentants de Shannen ont fait part de leur propre d\u00e9ception.<BR><br \/>\nUn repr\u00e9sentant de la star a d\u00e9clar\u00e9 \u00e0 TMZ qu&#8217;il \u00e9tait vraiment d\u00e9cevant de voir que l&#8217;actrice n&#8217;ait pas \u00e9t\u00e9 incluse, d&#8217;autant plus &#8220;qu&#8217;elle faisait partie de la communaut\u00e9 hollywoodienne depuis plus de 45 ans.&#8221;<br \/>\n<br \/><a href=\"https:\/\/bangpremier.com\/\" target=\"_blank\"> Visit Bang Premier (main website) <\/a><br \/>\n<br \/><script src=\"https:\/\/geo.dailymotion.com\/player\/xt7m2.js\" data-params=\"mute=true\"><\/script><\/p>\n","protected":false},"excerpt":{"rendered":"<p>2025-03-06 10:27:10 Jennie Garth a trouv\u00e9 deplorable que Shannen Doherty n&#8217;ait pas \u00e9t\u00e9 incluse dans le segment In Memoriam de la c\u00e9r\u00e9monie des Oscars L&#8217;actrice de &#8220;Charmed&#8221; est d\u00e9c\u00e9d\u00e9e en&hellip;<\/p>\n","protected":false},"author":1,"featured_media":2425,"comment_status":"closed","ping_status":"open","sticky":false,"template":"","format":"standard","meta":{"footnotes":""},"categories":[1],"tags":[],"class_list":["post-6083","post","type-post","status-publish","format-standard","has-post-thumbnail","hentry","category-people"],"_links":{"self":[{"href":"https:\/\/bangpremier.fr\/index.php\/wp-json\/wp\/v2\/posts\/6083","targetHints":{"allow":["GET"]}}],"collection":[{"href":"https:\/\/bangpremier.fr\/index.php\/wp-json\/wp\/v2\/posts"}],"about":[{"href":"https:\/\/bangpremier.fr\/index.php\/wp-json\/wp\/v2\/types\/post"}],"author":[{"embeddable":true,"href":"https:\/\/bangpremier.fr\/index.php\/wp-json\/wp\/v2\/users\/1"}],"replies":[{"embeddable":true,"href":"https:\/\/bangpremier.fr\/index.php\/wp-json\/wp\/v2\/comments?post=6083"}],"version-history":[{"count":1,"href":"https:\/\/bangpremier.fr\/index.php\/wp-json\/wp\/v2\/posts\/6083\/revisions"}],"predecessor-version":[{"id":6084,"href":"https:\/\/bangpremier.fr\/index.php\/wp-json\/wp\/v2\/posts\/6083\/revisions\/6084"}],"wp:featuredmedia":[{"embeddable":true,"href":"https:\/\/bangpremier.fr\/index.php\/wp-json\/wp\/v2\/media\/2425"}],"wp:attachment":[{"href":"https:\/\/bangpremier.fr\/index.php\/wp-json\/wp\/v2\/media?parent=6083"}],"wp:term":[{"taxonomy":"category","embeddable":true,"href":"https:\/\/bangpremier.fr\/index.php\/wp-json\/wp\/v2\/categories?post=6083"},{"taxonomy":"post_tag","embeddable":true,"href":"https:\/\/bangpremier.fr\/index.php\/wp-json\/wp\/v2\/tags?post=6083"}],"curies":[{"name":"wp","href":"https:\/\/api.w.org\/{rel}","templated":true}]}}