{"id":6077,"date":"2025-03-05T16:44:03","date_gmt":"2025-03-05T16:44:03","guid":{"rendered":"https:\/\/bangpremier.fr\/index.php\/2025\/03\/05\/lipad-a16-et-lipad-air-sont-annonces-avec-des-puces-plus-rapides-et-lapple-intelligence\/"},"modified":"2025-03-05T16:44:04","modified_gmt":"2025-03-05T16:44:04","slug":"lipad-a16-et-lipad-air-sont-annonces-avec-des-puces-plus-rapides-et-lapple-intelligence","status":"publish","type":"post","link":"https:\/\/bangpremier.fr\/index.php\/2025\/03\/05\/lipad-a16-et-lipad-air-sont-annonces-avec-des-puces-plus-rapides-et-lapple-intelligence\/","title":{"rendered":"L&#039;iPad A16 et l&#039;iPad Air sont annonc\u00e9s avec des puces plus rapides et l&#039;Apple Intelligence"},"content":{"rendered":"<p><b>2025-03-05 16:44:03<\/b><br \/>\n<BR>Apple a annonc\u00e9 les nouveaux iPad A16 et iPad Air.<BR><br \/>\nLa premi\u00e8re tablette &#8211; qui co\u00fbtera 329 $ &#8211; doublera sa capacit\u00e9 de stockage et sera dot\u00e9e de 128 Go de m\u00e9moire au lieu des 64 Go utilis\u00e9s comme m\u00e9moire de base sur l&#8217;iPad d&#8217;entr\u00e9e de gamme depuis l&#8217;iPad de 9e g\u00e9n\u00e9ration en 2021.<BR><br \/>\nLe nouvel iPad sera \u00e9galement \u00e9quip\u00e9 de la puce A16 Bionic, plus efficace, qui a \u00e9t\u00e9 introduite pour la premi\u00e8re fois avec l&#8217;iPhone 14 Pro de 2022 et dont les performances seront jusqu&#8217;\u00e0 50 % sup\u00e9rieures \u00e0 celles de l&#8217;iPad de 10e g\u00e9n\u00e9ration pr\u00e9c\u00e9dent, qui \u00e9tait \u00e9quip\u00e9 de la puce A14 Bionic.<BR><br \/>\nApple a \u00e9galement am\u00e9lior\u00e9 la prise en charge de l&#8217;Apple Pencil pour les versions Lightning et USB-C du stylet avec l&#8217;iPad A16, le stylet de deuxi\u00e8me g\u00e9n\u00e9ration pouvant d\u00e9sormais se fixer magn\u00e9tiquement sur le c\u00f4t\u00e9 de l&#8217;appareil.<BR><br \/>\nCependant, cette op\u00e9ration ne permet pas de recharger l&#8217;Apple Pencil, qui devra \u00eatre aliment\u00e9 en le branchant sur le port USB-C de l&#8217;iPad.<BR><br \/>\nSi l&#8217;iPad A16 a b\u00e9n\u00e9fici\u00e9 de plusieurs mises \u00e0 jour significatives au niveau de son stockage et de son chipset, la tablette sera priv\u00e9e du logiciel d&#8217;intelligence artificielle d&#8217;Apple, Apple Intelligence.<BR><br \/>\nCe n&#8217;est toutefois pas le cas pour les nouveaux iPad Airs &#8211; qui sont propos\u00e9s avec des tailles d&#8217;\u00e9cran de 11 et 13 pouces &#8211; les deux appareils \u00e9tant en mesure d&#8217;ex\u00e9cuter Apple Intelligence.<BR><br \/>\nParmi les autres am\u00e9liorations apport\u00e9es aux iPad Airs &#8211; dont les prix de d\u00e9part sont respectivement de 599 et 799 dollars &#8211; figure la puce M3, plus efficace, qui, selon Apple, sera pr\u00e8s de deux fois plus rapide que l&#8217;iPad Air M1. Les deux appareils conserveront leur \u00e9cran Liquid Retina, qui est stratifi\u00e9 tout en \u00e9tant plus l\u00e9ger.<br \/>\n<br \/><a href=\"https:\/\/bangpremier.com\/\" target=\"_blank\"> Visit Bang Premier (main website) <\/a><br \/>\n<br \/><script src=\"https:\/\/geo.dailymotion.com\/player\/xt7m2.js\" data-params=\"mute=true\"><\/script><\/p>\n","protected":false},"excerpt":{"rendered":"<p>2025-03-05 16:44:03 Apple a annonc\u00e9 les nouveaux iPad A16 et iPad Air. La premi\u00e8re tablette &#8211; qui co\u00fbtera 329 $ &#8211; doublera sa capacit\u00e9 de stockage et sera dot\u00e9e de&hellip;<\/p>\n","protected":false},"author":1,"featured_media":6078,"comment_status":"closed","ping_status":"open","sticky":false,"template":"","format":"standard","meta":{"footnotes":""},"categories":[5],"tags":[],"class_list":["post-6077","post","type-post","status-publish","format-standard","has-post-thumbnail","hentry","category-technologie"],"_links":{"self":[{"href":"https:\/\/bangpremier.fr\/index.php\/wp-json\/wp\/v2\/posts\/6077","targetHints":{"allow":["GET"]}}],"collection":[{"href":"https:\/\/bangpremier.fr\/index.php\/wp-json\/wp\/v2\/posts"}],"about":[{"href":"https:\/\/bangpremier.fr\/index.php\/wp-json\/wp\/v2\/types\/post"}],"author":[{"embeddable":true,"href":"https:\/\/bangpremier.fr\/index.php\/wp-json\/wp\/v2\/users\/1"}],"replies":[{"embeddable":true,"href":"https:\/\/bangpremier.fr\/index.php\/wp-json\/wp\/v2\/comments?post=6077"}],"version-history":[{"count":1,"href":"https:\/\/bangpremier.fr\/index.php\/wp-json\/wp\/v2\/posts\/6077\/revisions"}],"predecessor-version":[{"id":6079,"href":"https:\/\/bangpremier.fr\/index.php\/wp-json\/wp\/v2\/posts\/6077\/revisions\/6079"}],"wp:featuredmedia":[{"embeddable":true,"href":"https:\/\/bangpremier.fr\/index.php\/wp-json\/wp\/v2\/media\/6078"}],"wp:attachment":[{"href":"https:\/\/bangpremier.fr\/index.php\/wp-json\/wp\/v2\/media?parent=6077"}],"wp:term":[{"taxonomy":"category","embeddable":true,"href":"https:\/\/bangpremier.fr\/index.php\/wp-json\/wp\/v2\/categories?post=6077"},{"taxonomy":"post_tag","embeddable":true,"href":"https:\/\/bangpremier.fr\/index.php\/wp-json\/wp\/v2\/tags?post=6077"}],"curies":[{"name":"wp","href":"https:\/\/api.w.org\/{rel}","templated":true}]}}