{"id":6061,"date":"2025-03-05T10:52:20","date_gmt":"2025-03-05T10:52:20","guid":{"rendered":"https:\/\/bangpremier.fr\/index.php\/2025\/03\/05\/meghan-markle-ne-veut-plus-etre-appelee-par-son-nom-de-jeune-fille\/"},"modified":"2025-03-05T10:52:20","modified_gmt":"2025-03-05T10:52:20","slug":"meghan-markle-ne-veut-plus-etre-appelee-par-son-nom-de-jeune-fille","status":"publish","type":"post","link":"https:\/\/bangpremier.fr\/index.php\/2025\/03\/05\/meghan-markle-ne-veut-plus-etre-appelee-par-son-nom-de-jeune-fille\/","title":{"rendered":"Meghan Markle ne veut plus \u00eatre appel\u00e9e par son nom de jeune fille"},"content":{"rendered":"<p><b>2025-03-05 10:52:20<\/b><br \/>\n<BR>Meghan Markle a admis qu&#8217;elle pr\u00e9f\u00e8re ne pas utiliser son nom de jeune fille.<BR><br \/>\nL&#8217;ancienne actrice, qui est mari\u00e9e au prince Harry et s&#8217;est retir\u00e9e de ses fonctions royales en 2020 pour s&#8217;installer \u00e0 Los Angeles, a \u00e9t\u00e9 rejointe par Mindy Kaling sur le plateau de sa nouvelle \u00e9mission de t\u00e9l\u00e9r\u00e9alit\u00e9, o\u00f9 elle a r\u00e9primand\u00e9 son amie pour l&#8217;avoir appel\u00e9e Meghan Markle.<BR><br \/>\nDans l&#8217;\u00e9pisode &#8220;With Love, Meghan&#8221;, diffus\u00e9 mardi, Mindy a d\u00e9clar\u00e9 lors d&#8217;une discussion sur les fast-foods : &#8221; Je pense que personne au monde ne sait que Meghan Markle a mang\u00e9 du Jack in the Box&#8221;.<BR><br \/>\nMeghan a alors r\u00e9pondu : &#8220;C&#8217;est tellement dr\u00f4le que tu continues \u00e0 dire Meghan Markle, tu sais que c&#8217;est Sussex maintenant !&#8221;<BR><br \/>\nLa duchesse est maman du prince Archie, cinq ans, et la princesse Lilibet, trois ans, et a expliqu\u00e9 que cela lui tient beaucoup \u00e0 coeur de partager un nom de famille avec ses enfants.  <BR><br \/>\nElle a expliqu\u00e9 : &#8220;Lorsque vous avez des enfants et que vous partagez votre nom avec eux, je ne savais pas \u00e0 quel point cela serait important pour moi, mais cela signifie beaucoup de choses de se dire &#8216;C&#8217;est notre nom de famille, notre petit nom de famille&#8217;.&#8221;<br \/>\n<br \/><a href=\"https:\/\/bangpremier.com\/\" target=\"_blank\"> Visit Bang Premier (main website) <\/a><br \/>\n<br \/><script src=\"https:\/\/geo.dailymotion.com\/player\/xt7m2.js\" data-params=\"mute=true\"><\/script><\/p>\n","protected":false},"excerpt":{"rendered":"<p>2025-03-05 10:52:20 Meghan Markle a admis qu&#8217;elle pr\u00e9f\u00e8re ne pas utiliser son nom de jeune fille. L&#8217;ancienne actrice, qui est mari\u00e9e au prince Harry et s&#8217;est retir\u00e9e de ses fonctions&hellip;<\/p>\n","protected":false},"author":1,"featured_media":4625,"comment_status":"closed","ping_status":"open","sticky":false,"template":"","format":"standard","meta":{"footnotes":""},"categories":[1],"tags":[],"class_list":["post-6061","post","type-post","status-publish","format-standard","has-post-thumbnail","hentry","category-people"],"_links":{"self":[{"href":"https:\/\/bangpremier.fr\/index.php\/wp-json\/wp\/v2\/posts\/6061","targetHints":{"allow":["GET"]}}],"collection":[{"href":"https:\/\/bangpremier.fr\/index.php\/wp-json\/wp\/v2\/posts"}],"about":[{"href":"https:\/\/bangpremier.fr\/index.php\/wp-json\/wp\/v2\/types\/post"}],"author":[{"embeddable":true,"href":"https:\/\/bangpremier.fr\/index.php\/wp-json\/wp\/v2\/users\/1"}],"replies":[{"embeddable":true,"href":"https:\/\/bangpremier.fr\/index.php\/wp-json\/wp\/v2\/comments?post=6061"}],"version-history":[{"count":1,"href":"https:\/\/bangpremier.fr\/index.php\/wp-json\/wp\/v2\/posts\/6061\/revisions"}],"predecessor-version":[{"id":6062,"href":"https:\/\/bangpremier.fr\/index.php\/wp-json\/wp\/v2\/posts\/6061\/revisions\/6062"}],"wp:featuredmedia":[{"embeddable":true,"href":"https:\/\/bangpremier.fr\/index.php\/wp-json\/wp\/v2\/media\/4625"}],"wp:attachment":[{"href":"https:\/\/bangpremier.fr\/index.php\/wp-json\/wp\/v2\/media?parent=6061"}],"wp:term":[{"taxonomy":"category","embeddable":true,"href":"https:\/\/bangpremier.fr\/index.php\/wp-json\/wp\/v2\/categories?post=6061"},{"taxonomy":"post_tag","embeddable":true,"href":"https:\/\/bangpremier.fr\/index.php\/wp-json\/wp\/v2\/tags?post=6061"}],"curies":[{"name":"wp","href":"https:\/\/api.w.org\/{rel}","templated":true}]}}