{"id":6051,"date":"2025-03-04T14:34:07","date_gmt":"2025-03-04T14:34:07","guid":{"rendered":"https:\/\/bangpremier.fr\/index.php\/2025\/03\/04\/shannen-doherty-ses-proches-sont-decus-que-les-oscars-ne-lui-aient-pas-rendu-hommage\/"},"modified":"2025-03-04T14:34:07","modified_gmt":"2025-03-04T14:34:07","slug":"shannen-doherty-ses-proches-sont-decus-que-les-oscars-ne-lui-aient-pas-rendu-hommage","status":"publish","type":"post","link":"https:\/\/bangpremier.fr\/index.php\/2025\/03\/04\/shannen-doherty-ses-proches-sont-decus-que-les-oscars-ne-lui-aient-pas-rendu-hommage\/","title":{"rendered":"Shannen Doherty : ses proches sont d\u00e9\u00e7us que les Oscars ne lui aient pas rendu hommage"},"content":{"rendered":"<p><b>2025-03-04 14:34:07<\/b><br \/>\n<BR>Les repr\u00e9sentants de Shannen Doherty ont \u00e9t\u00e9 tr\u00e8s d\u00e9\u00e7us qu&#8217;elle ne fasse pas partie du segment In Memoriam de la c\u00e9r\u00e9monie des Oscars.<BR><br \/>\nL&#8217;actrice de &#8220;Charmed&#8221; est d\u00e9c\u00e9d\u00e9e en juillet 2024 \u00e0 l&#8217;\u00e2ge de 53 ans apr\u00e8s une longue bataille contre le cancer, mais elle n&#8217;a pas fait partie des visages c\u00e9l\u00e8bres qui ont figur\u00e9 dans ce segment annuel de la c\u00e9r\u00e9monie, qui rend hommage aux personnes d\u00e9c\u00e9d\u00e9es au cours des 12 derniers mois.<BR><br \/>\nUn repr\u00e9sentant de la star de &#8220;Beverly Hills, 90210&#8221; a d\u00e9clar\u00e9 \u00e0 TMZ qu&#8217;il \u00e9tait vraiment d\u00e9cevant pour ses proches de voir que Shannen avait \u00e9t\u00e9 oubli\u00e9e, d&#8217;autant plus &#8220;qu&#8217;elle faisait partie de la communaut\u00e9 hollywoodienne depuis plus de 45 ans&#8221;.<BR><br \/>\nDe nombreuses stars et figures de l&#8217;industrie qui se sont \u00e9teintes r\u00e9cemment ont \u00e9t\u00e9 honor\u00e9e dimanche soir, notamment Maggie Smith et Gene Hackman. Morgan Freeman a ouvert le segment en rendant hommage \u00e0 Gene, qui, avec sa femme Betsy Arakawa, a \u00e9t\u00e9 retrouv\u00e9 mort chez lui \u00e0 la fin du mois de f\u00e9vrier \u00e0 l&#8217;\u00e2ge de 95 ans.<br \/>\n<br \/><a href=\"https:\/\/bangpremier.com\/\" target=\"_blank\"> Visit Bang Premier (main website) <\/a><br \/>\n<br \/><script src=\"https:\/\/geo.dailymotion.com\/player\/xt7m2.js\" data-params=\"mute=true\"><\/script><\/p>\n","protected":false},"excerpt":{"rendered":"<p>2025-03-04 14:34:07 Les repr\u00e9sentants de Shannen Doherty ont \u00e9t\u00e9 tr\u00e8s d\u00e9\u00e7us qu&#8217;elle ne fasse pas partie du segment In Memoriam de la c\u00e9r\u00e9monie des Oscars. L&#8217;actrice de &#8220;Charmed&#8221; est d\u00e9c\u00e9d\u00e9e&hellip;<\/p>\n","protected":false},"author":1,"featured_media":2457,"comment_status":"closed","ping_status":"open","sticky":false,"template":"","format":"standard","meta":{"footnotes":""},"categories":[1],"tags":[],"class_list":["post-6051","post","type-post","status-publish","format-standard","has-post-thumbnail","hentry","category-people"],"_links":{"self":[{"href":"https:\/\/bangpremier.fr\/index.php\/wp-json\/wp\/v2\/posts\/6051","targetHints":{"allow":["GET"]}}],"collection":[{"href":"https:\/\/bangpremier.fr\/index.php\/wp-json\/wp\/v2\/posts"}],"about":[{"href":"https:\/\/bangpremier.fr\/index.php\/wp-json\/wp\/v2\/types\/post"}],"author":[{"embeddable":true,"href":"https:\/\/bangpremier.fr\/index.php\/wp-json\/wp\/v2\/users\/1"}],"replies":[{"embeddable":true,"href":"https:\/\/bangpremier.fr\/index.php\/wp-json\/wp\/v2\/comments?post=6051"}],"version-history":[{"count":1,"href":"https:\/\/bangpremier.fr\/index.php\/wp-json\/wp\/v2\/posts\/6051\/revisions"}],"predecessor-version":[{"id":6052,"href":"https:\/\/bangpremier.fr\/index.php\/wp-json\/wp\/v2\/posts\/6051\/revisions\/6052"}],"wp:featuredmedia":[{"embeddable":true,"href":"https:\/\/bangpremier.fr\/index.php\/wp-json\/wp\/v2\/media\/2457"}],"wp:attachment":[{"href":"https:\/\/bangpremier.fr\/index.php\/wp-json\/wp\/v2\/media?parent=6051"}],"wp:term":[{"taxonomy":"category","embeddable":true,"href":"https:\/\/bangpremier.fr\/index.php\/wp-json\/wp\/v2\/categories?post=6051"},{"taxonomy":"post_tag","embeddable":true,"href":"https:\/\/bangpremier.fr\/index.php\/wp-json\/wp\/v2\/tags?post=6051"}],"curies":[{"name":"wp","href":"https:\/\/api.w.org\/{rel}","templated":true}]}}