{"id":6044,"date":"2025-03-04T11:30:17","date_gmt":"2025-03-04T11:30:17","guid":{"rendered":"https:\/\/bangpremier.fr\/index.php\/2025\/03\/04\/paris-hilton-revele-quune-star-emblematique-lincarnera-dans-la-serie-sur-sa-vie\/"},"modified":"2025-03-04T11:30:18","modified_gmt":"2025-03-04T11:30:18","slug":"paris-hilton-revele-quune-star-emblematique-lincarnera-dans-la-serie-sur-sa-vie","status":"publish","type":"post","link":"https:\/\/bangpremier.fr\/index.php\/2025\/03\/04\/paris-hilton-revele-quune-star-emblematique-lincarnera-dans-la-serie-sur-sa-vie\/","title":{"rendered":"Paris Hilton r\u00e9v\u00e8le qu\u2019une star \u201cembl\u00e9matique\u201d l&#039;incarnera dans la s\u00e9rie sur sa vie"},"content":{"rendered":"<p><b>2025-03-04 11:30:17<\/b><br \/>\n<BR>Paris Hilton a laiss\u00e9 entendre qu&#8217;une actrice embl\u00e9matique l&#8217;incarnerait \u00e0 l&#8217;\u00e9cran.<BR><br \/>\nLa star travaille actuellement sur une adaptation t\u00e9l\u00e9vis\u00e9e de son autobiographie &#8220;Paris : The Memoir&#8221; avec les s\u0153urs Elle et Dakota Fanning en tant que productrices. Et bien qu&#8217;elle ne puisse pas r\u00e9v\u00e9ler qui jouera exactement le r\u00f4le principal, elle a affirm\u00e9 que le choix \u00e9patera les gens.<BR><br \/>\nElle a d\u00e9clar\u00e9 dans l&#8217;\u00e9mission de t\u00e9l\u00e9vision am\u00e9ricaine Extra : &#8220;Je suis tr\u00e8s heureuse de produire ce film avec Elle et Dakota. Elles sont si gentilles. Je les aime tellement. Elles sont intelligentes, belles, gentilles, adorables, si talentueuses. Nous le faisons \u00e9galement avec A24, avec \u201cWhite Lotus\u201d et \u201cEuphoria\u201d et toutes les s\u00e9ries les plus extraordinaires, alors c&#8217;est super. Je sais [qui joue mon r\u00f4le] mais c&#8217;est une surprise. Je ne peux pas le dire. Elle est blonde. Elle est embl\u00e9matique, belle, c&#8217;est une actrice incroyable, et les gens vont \u00eatre \u00e9poustoufl\u00e9s quand ils verront \u00e7a&#8221;.<BR><br \/>\nLe livre explore l&#8217;ascension de Paris au d\u00e9but des ann\u00e9es 2000, ainsi que ses luttes personnelles.<br \/>\n<br \/><a href=\"https:\/\/bangpremier.com\/\" target=\"_blank\"> Visit Bang Premier (main website) <\/a><br \/>\n<br \/><script src=\"https:\/\/geo.dailymotion.com\/player\/xt7m2.js\" data-params=\"mute=true\"><\/script><\/p>\n","protected":false},"excerpt":{"rendered":"<p>2025-03-04 11:30:17 Paris Hilton a laiss\u00e9 entendre qu&#8217;une actrice embl\u00e9matique l&#8217;incarnerait \u00e0 l&#8217;\u00e9cran. La star travaille actuellement sur une adaptation t\u00e9l\u00e9vis\u00e9e de son autobiographie &#8220;Paris : The Memoir&#8221; avec les&hellip;<\/p>\n","protected":false},"author":1,"featured_media":5277,"comment_status":"closed","ping_status":"open","sticky":false,"template":"","format":"standard","meta":{"footnotes":""},"categories":[1],"tags":[],"class_list":["post-6044","post","type-post","status-publish","format-standard","has-post-thumbnail","hentry","category-people"],"_links":{"self":[{"href":"https:\/\/bangpremier.fr\/index.php\/wp-json\/wp\/v2\/posts\/6044","targetHints":{"allow":["GET"]}}],"collection":[{"href":"https:\/\/bangpremier.fr\/index.php\/wp-json\/wp\/v2\/posts"}],"about":[{"href":"https:\/\/bangpremier.fr\/index.php\/wp-json\/wp\/v2\/types\/post"}],"author":[{"embeddable":true,"href":"https:\/\/bangpremier.fr\/index.php\/wp-json\/wp\/v2\/users\/1"}],"replies":[{"embeddable":true,"href":"https:\/\/bangpremier.fr\/index.php\/wp-json\/wp\/v2\/comments?post=6044"}],"version-history":[{"count":1,"href":"https:\/\/bangpremier.fr\/index.php\/wp-json\/wp\/v2\/posts\/6044\/revisions"}],"predecessor-version":[{"id":6045,"href":"https:\/\/bangpremier.fr\/index.php\/wp-json\/wp\/v2\/posts\/6044\/revisions\/6045"}],"wp:featuredmedia":[{"embeddable":true,"href":"https:\/\/bangpremier.fr\/index.php\/wp-json\/wp\/v2\/media\/5277"}],"wp:attachment":[{"href":"https:\/\/bangpremier.fr\/index.php\/wp-json\/wp\/v2\/media?parent=6044"}],"wp:term":[{"taxonomy":"category","embeddable":true,"href":"https:\/\/bangpremier.fr\/index.php\/wp-json\/wp\/v2\/categories?post=6044"},{"taxonomy":"post_tag","embeddable":true,"href":"https:\/\/bangpremier.fr\/index.php\/wp-json\/wp\/v2\/tags?post=6044"}],"curies":[{"name":"wp","href":"https:\/\/api.w.org\/{rel}","templated":true}]}}