{"id":5974,"date":"2025-02-27T14:44:27","date_gmt":"2025-02-27T14:44:27","guid":{"rendered":"https:\/\/bangpremier.fr\/index.php\/2025\/02\/27\/instagram-pourrait-lancer-une-application-reels-pour-concurrencer-tiktok\/"},"modified":"2025-02-27T14:44:27","modified_gmt":"2025-02-27T14:44:27","slug":"instagram-pourrait-lancer-une-application-reels-pour-concurrencer-tiktok","status":"publish","type":"post","link":"https:\/\/bangpremier.fr\/index.php\/2025\/02\/27\/instagram-pourrait-lancer-une-application-reels-pour-concurrencer-tiktok\/","title":{"rendered":"Instagram pourrait lancer une application Reels pour concurrencer TikTok"},"content":{"rendered":"<p><b>2025-02-27 14:44:27<\/b><br \/>\n<BR>Instagram pourrait lancer sa fonction Reels sous la forme d&#8217;une application distincte.<BR><br \/>\nLe patron de la plateforme, Adam Mosseri, aurait fait part de cette \u00e9ventualit\u00e9 \u00e0 son personnel cette semaine, selon la publication The Information, sp\u00e9cialis\u00e9e dans l&#8217;industrie technologique.<BR><br \/>\nL&#8217;application de vid\u00e9os courtes pourrait \u00eatre lanc\u00e9e pour rivaliser avec TikTok, dont l&#8217;avenir est incertain aux \u00c9tats-Unis.<BR><br \/>\nLe pr\u00e9sident am\u00e9ricain Donald Trump a accord\u00e9 \u00e0 la plateforme chinoise un d\u00e9lai suppl\u00e9mentaire de 75 jours pour se conformer \u00e0 une loi sign\u00e9e par l&#8217;ancien pr\u00e9sident Joe Biden, qui exige la vente ou l&#8217;interdiction du site.<BR><br \/>\nL&#8217;application Reels s&#8217;apparenterait \u00e0 une r\u00e9plique directe de TikTok et s&#8217;ouvrirait sur un affichage plein \u00e9cran et d\u00e9filant de vid\u00e9os de courte dur\u00e9e.<BR><br \/>\nLa dur\u00e9e des Reels a r\u00e9cemment \u00e9t\u00e9 port\u00e9e \u00e0 trois minutes, ce qui signifie qu&#8217;il pourrait y avoir suffisamment de contenu pour justifier une application distincte.<BR><br \/>\nUn contenu suppl\u00e9mentaire dans un flux d\u00e9di\u00e9 pourrait permettre aux utilisateurs de rester engag\u00e9s plus longtemps dans leur propre application.<br \/>\n<br \/><a href=\"https:\/\/bangpremier.com\/\" target=\"_blank\"> Visit Bang Premier (main website) <\/a><br \/>\n<br \/><script src=\"https:\/\/geo.dailymotion.com\/player\/xt7m2.js\" data-params=\"mute=true\"><\/script><\/p>\n","protected":false},"excerpt":{"rendered":"<p>2025-02-27 14:44:27 Instagram pourrait lancer sa fonction Reels sous la forme d&#8217;une application distincte. Le patron de la plateforme, Adam Mosseri, aurait fait part de cette \u00e9ventualit\u00e9 \u00e0 son personnel&hellip;<\/p>\n","protected":false},"author":1,"featured_media":727,"comment_status":"closed","ping_status":"open","sticky":false,"template":"","format":"standard","meta":{"footnotes":""},"categories":[5],"tags":[],"class_list":["post-5974","post","type-post","status-publish","format-standard","has-post-thumbnail","hentry","category-technologie"],"_links":{"self":[{"href":"https:\/\/bangpremier.fr\/index.php\/wp-json\/wp\/v2\/posts\/5974","targetHints":{"allow":["GET"]}}],"collection":[{"href":"https:\/\/bangpremier.fr\/index.php\/wp-json\/wp\/v2\/posts"}],"about":[{"href":"https:\/\/bangpremier.fr\/index.php\/wp-json\/wp\/v2\/types\/post"}],"author":[{"embeddable":true,"href":"https:\/\/bangpremier.fr\/index.php\/wp-json\/wp\/v2\/users\/1"}],"replies":[{"embeddable":true,"href":"https:\/\/bangpremier.fr\/index.php\/wp-json\/wp\/v2\/comments?post=5974"}],"version-history":[{"count":1,"href":"https:\/\/bangpremier.fr\/index.php\/wp-json\/wp\/v2\/posts\/5974\/revisions"}],"predecessor-version":[{"id":5975,"href":"https:\/\/bangpremier.fr\/index.php\/wp-json\/wp\/v2\/posts\/5974\/revisions\/5975"}],"wp:featuredmedia":[{"embeddable":true,"href":"https:\/\/bangpremier.fr\/index.php\/wp-json\/wp\/v2\/media\/727"}],"wp:attachment":[{"href":"https:\/\/bangpremier.fr\/index.php\/wp-json\/wp\/v2\/media?parent=5974"}],"wp:term":[{"taxonomy":"category","embeddable":true,"href":"https:\/\/bangpremier.fr\/index.php\/wp-json\/wp\/v2\/categories?post=5974"},{"taxonomy":"post_tag","embeddable":true,"href":"https:\/\/bangpremier.fr\/index.php\/wp-json\/wp\/v2\/tags?post=5974"}],"curies":[{"name":"wp","href":"https:\/\/api.w.org\/{rel}","templated":true}]}}