{"id":5971,"date":"2025-02-27T14:36:41","date_gmt":"2025-02-27T14:36:41","guid":{"rendered":"https:\/\/bangpremier.fr\/index.php\/2025\/02\/27\/mort-de-michelle-trachtenberg-lactrice-devait-rejoindre-le-reboot-de-buffy-contre-les-vampires\/"},"modified":"2025-02-27T14:36:42","modified_gmt":"2025-02-27T14:36:42","slug":"mort-de-michelle-trachtenberg-lactrice-devait-rejoindre-le-reboot-de-buffy-contre-les-vampires","status":"publish","type":"post","link":"https:\/\/bangpremier.fr\/index.php\/2025\/02\/27\/mort-de-michelle-trachtenberg-lactrice-devait-rejoindre-le-reboot-de-buffy-contre-les-vampires\/","title":{"rendered":"Mort de Michelle Trachtenberg : l&#039;actrice devait rejoindre le reboot de \u201cBuffy contre les vampires\u201d"},"content":{"rendered":"<p><b>2025-02-27 14:36:41<\/b><br \/>\n<BR>Avant sa mort subite cette semaine, l&#8217;actrice Michelle Trachtenberg aurait \u00e9t\u00e9 en pleines discussions pour jouer dans le reboot de &#8220;Buffy contre les vampires&#8221;.<BR><br \/>\nLa star (qui incarnait Dawn, la s\u0153ur de Buffy, dans la s\u00e9rie) a \u00e9t\u00e9 retrouv\u00e9e morte dans son appartement mercredi 26 f\u00e9vrier \u00e0 l&#8217;\u00e2ge de 39 ans. Des sources polici\u00e8res ont d\u00e9clar\u00e9 \u00e0 ABC News qu&#8217;elle \u00e9tait morte de causes naturelles apr\u00e8s une transplantation du foie.<BR><br \/>\nUne source a d\u00e9clar\u00e9 au DailyMail.com : &#8220;Michelle Trachtenberg \u00e9tait en pourparlers pour revenir dans Buffy le reboot et elle \u00e9tait incroyablement optimiste \u00e0 ce sujet.&#8221;<BR><br \/>\nMichelle a rejoint la s\u00e9rie pour sa cinqui\u00e8me saison dans le r\u00f4le de Dawn Summers et est rest\u00e9e jusqu&#8217;\u00e0 la fin de la septi\u00e8me saison en 2003.<BR><br \/>\nLa police de New York (NYPD) a confirm\u00e9 \u00e0 PEOPLE qu&#8217;elle avait r\u00e9pondu \u00e0 un appel au 911 au 1 Columbus Place \u00e0 New York ce mercredi. <BR><br \/>\nLe NYPD a ajout\u00e9 : &#8220;\u00c0 leur arriv\u00e9e, les officiers ont vu une femme de 39 ans inconsciente Les services m\u00e9dicaux d&#8217;urgence se sont rendus sur place et ont constat\u00e9 le d\u00e9c\u00e8s de la victime. Aucun acte criminel n&#8217;est suspect\u00e9&#8221;.<BR><br \/>\nSarah Michelle Gellar, qui incarnait Buffy dans la s\u00e9rie embl\u00e9matique, n&#8217;a pas encore comment\u00e9 la mort de Michelle publiquement.<br \/>\n<br \/><a href=\"https:\/\/bangpremier.com\/\" target=\"_blank\"> Visit Bang Premier (main website) <\/a><br \/>\n<br \/><script src=\"https:\/\/geo.dailymotion.com\/player\/xt7m2.js\" data-params=\"mute=true\"><\/script><\/p>\n","protected":false},"excerpt":{"rendered":"<p>2025-02-27 14:36:41 Avant sa mort subite cette semaine, l&#8217;actrice Michelle Trachtenberg aurait \u00e9t\u00e9 en pleines discussions pour jouer dans le reboot de &#8220;Buffy contre les vampires&#8221;. La star (qui incarnait&hellip;<\/p>\n","protected":false},"author":1,"featured_media":5972,"comment_status":"closed","ping_status":"open","sticky":false,"template":"","format":"standard","meta":{"footnotes":""},"categories":[1],"tags":[],"class_list":["post-5971","post","type-post","status-publish","format-standard","has-post-thumbnail","hentry","category-people"],"_links":{"self":[{"href":"https:\/\/bangpremier.fr\/index.php\/wp-json\/wp\/v2\/posts\/5971","targetHints":{"allow":["GET"]}}],"collection":[{"href":"https:\/\/bangpremier.fr\/index.php\/wp-json\/wp\/v2\/posts"}],"about":[{"href":"https:\/\/bangpremier.fr\/index.php\/wp-json\/wp\/v2\/types\/post"}],"author":[{"embeddable":true,"href":"https:\/\/bangpremier.fr\/index.php\/wp-json\/wp\/v2\/users\/1"}],"replies":[{"embeddable":true,"href":"https:\/\/bangpremier.fr\/index.php\/wp-json\/wp\/v2\/comments?post=5971"}],"version-history":[{"count":1,"href":"https:\/\/bangpremier.fr\/index.php\/wp-json\/wp\/v2\/posts\/5971\/revisions"}],"predecessor-version":[{"id":5973,"href":"https:\/\/bangpremier.fr\/index.php\/wp-json\/wp\/v2\/posts\/5971\/revisions\/5973"}],"wp:featuredmedia":[{"embeddable":true,"href":"https:\/\/bangpremier.fr\/index.php\/wp-json\/wp\/v2\/media\/5972"}],"wp:attachment":[{"href":"https:\/\/bangpremier.fr\/index.php\/wp-json\/wp\/v2\/media?parent=5971"}],"wp:term":[{"taxonomy":"category","embeddable":true,"href":"https:\/\/bangpremier.fr\/index.php\/wp-json\/wp\/v2\/categories?post=5971"},{"taxonomy":"post_tag","embeddable":true,"href":"https:\/\/bangpremier.fr\/index.php\/wp-json\/wp\/v2\/tags?post=5971"}],"curies":[{"name":"wp","href":"https:\/\/api.w.org\/{rel}","templated":true}]}}