{"id":5951,"date":"2025-02-26T13:53:54","date_gmt":"2025-02-26T13:53:54","guid":{"rendered":"https:\/\/bangpremier.fr\/index.php\/2025\/02\/26\/kylie-jenner-bouleversee-par-la-mort-de-son-ami-et-coiffeur-jesus-guerrero-comment-continuer-sans-toi\/"},"modified":"2025-02-26T13:53:54","modified_gmt":"2025-02-26T13:53:54","slug":"kylie-jenner-bouleversee-par-la-mort-de-son-ami-et-coiffeur-jesus-guerrero-comment-continuer-sans-toi","status":"publish","type":"post","link":"https:\/\/bangpremier.fr\/index.php\/2025\/02\/26\/kylie-jenner-bouleversee-par-la-mort-de-son-ami-et-coiffeur-jesus-guerrero-comment-continuer-sans-toi\/","title":{"rendered":"Kylie Jenner boulevers\u00e9e par la mort de son ami et coiffeur Jesus Guerrero : \u201cComment continuer sans toi\u2026\u201d"},"content":{"rendered":"<p><b>2025-02-26 13:53:53<\/b><br \/>\n<BR>Kylie Jenner a rendu hommage au coiffeur des stars Jesus Guerrero suite \u00e0 sa mort tragique \u00e0 seulement 34 ans.<BR><br \/>\nLa star s&#8217;est rendue sur les r\u00e9seaux sociaux pour faire part de son chagrin avec une s\u00e9rie de vid\u00e9os et de photos.<BR><br \/>\n Kylie a \u00e9crit sur Instagram : &#8220;J\u00e9sus \u00e9tait plus que mon ami &#8211; il \u00e9tait une lumi\u00e8re dans ma vie, une source de rire, de r\u00e9confort, d&#8217;amour et de soutien ind\u00e9fectible. Je ne sais pas comment j&#8217;aurais travers\u00e9 les dix derni\u00e8res ann\u00e9es sans lui \u00e0 mes c\u00f4t\u00e9s. Il avait le don de rendre les journ\u00e9es les plus lourdes plus l\u00e9g\u00e8res&#8221;.<BR><br \/>\nKylie a \u00e9galement admis qu&#8217;elle se sentait inspir\u00e9e par son coiffeur.<BR><br \/>\nElle a \u00e9crit sur la plateforme : &#8220;Merci, J\u00e9sus, d&#8217;avoir toujours \u00e9t\u00e9 l\u00e0 pour moi, de m&#8217;avoir relev\u00e9e, d&#8217;avoir \u00e9t\u00e9 mon ami. La douleur de te perdre est tout simplement insupportable et je ne sais pas comment aller de l&#8217;avant sans toi, mais je sais qu&#8217;un grand chagrin ne na\u00eet que d&#8217;un grand amour, et je t&#8217;aimais tellement.\u201d<br \/>\n<br \/><a href=\"https:\/\/bangpremier.com\/\" target=\"_blank\"> Visit Bang Premier (main website) <\/a><br \/>\n<br \/><script src=\"https:\/\/geo.dailymotion.com\/player\/xt7m2.js\" data-params=\"mute=true\"><\/script><\/p>\n","protected":false},"excerpt":{"rendered":"<p>2025-02-26 13:53:53 Kylie Jenner a rendu hommage au coiffeur des stars Jesus Guerrero suite \u00e0 sa mort tragique \u00e0 seulement 34 ans. La star s&#8217;est rendue sur les r\u00e9seaux sociaux&hellip;<\/p>\n","protected":false},"author":1,"featured_media":5952,"comment_status":"closed","ping_status":"open","sticky":false,"template":"","format":"standard","meta":{"footnotes":""},"categories":[1],"tags":[],"class_list":["post-5951","post","type-post","status-publish","format-standard","has-post-thumbnail","hentry","category-people"],"_links":{"self":[{"href":"https:\/\/bangpremier.fr\/index.php\/wp-json\/wp\/v2\/posts\/5951","targetHints":{"allow":["GET"]}}],"collection":[{"href":"https:\/\/bangpremier.fr\/index.php\/wp-json\/wp\/v2\/posts"}],"about":[{"href":"https:\/\/bangpremier.fr\/index.php\/wp-json\/wp\/v2\/types\/post"}],"author":[{"embeddable":true,"href":"https:\/\/bangpremier.fr\/index.php\/wp-json\/wp\/v2\/users\/1"}],"replies":[{"embeddable":true,"href":"https:\/\/bangpremier.fr\/index.php\/wp-json\/wp\/v2\/comments?post=5951"}],"version-history":[{"count":1,"href":"https:\/\/bangpremier.fr\/index.php\/wp-json\/wp\/v2\/posts\/5951\/revisions"}],"predecessor-version":[{"id":5953,"href":"https:\/\/bangpremier.fr\/index.php\/wp-json\/wp\/v2\/posts\/5951\/revisions\/5953"}],"wp:featuredmedia":[{"embeddable":true,"href":"https:\/\/bangpremier.fr\/index.php\/wp-json\/wp\/v2\/media\/5952"}],"wp:attachment":[{"href":"https:\/\/bangpremier.fr\/index.php\/wp-json\/wp\/v2\/media?parent=5951"}],"wp:term":[{"taxonomy":"category","embeddable":true,"href":"https:\/\/bangpremier.fr\/index.php\/wp-json\/wp\/v2\/categories?post=5951"},{"taxonomy":"post_tag","embeddable":true,"href":"https:\/\/bangpremier.fr\/index.php\/wp-json\/wp\/v2\/tags?post=5951"}],"curies":[{"name":"wp","href":"https:\/\/api.w.org\/{rel}","templated":true}]}}