{"id":5938,"date":"2025-02-25T16:33:00","date_gmt":"2025-02-25T16:33:00","guid":{"rendered":"https:\/\/bangpremier.fr\/index.php\/2025\/02\/25\/samsung-et-intel-sassocient-pour-creer-un-ecran-oled\/"},"modified":"2025-02-25T16:33:00","modified_gmt":"2025-02-25T16:33:00","slug":"samsung-et-intel-sassocient-pour-creer-un-ecran-oled","status":"publish","type":"post","link":"https:\/\/bangpremier.fr\/index.php\/2025\/02\/25\/samsung-et-intel-sassocient-pour-creer-un-ecran-oled\/","title":{"rendered":"Samsung et Intel s&#039;associent pour cr\u00e9er un \u00e9cran OLED"},"content":{"rendered":"<p><b>2025-02-25 16:33:00<\/b><br \/>\n<BR>Samsung Display et Intel collaborent sur un nouveau projet.<BR><br \/>\nL&#8217;entreprise technologique sud-cor\u00e9enne esp\u00e8re cr\u00e9er un \u00e9cran OLED de faible puissance et de haute r\u00e9solution \u00e9quip\u00e9 des processeurs et puces avanc\u00e9s de l&#8217;entreprise am\u00e9ricaine de composants informatiques.<BR><br \/>\nL&#8217;appareil serait ainsi capable de mettre en \u0153uvre des capacit\u00e9s d&#8217;intelligence artificielle sur les \u00e9crans.<BR><br \/>\nL&#8217;objectif est d&#8217;ouvrir la voie \u00e0 la prochaine g\u00e9n\u00e9ration d&#8217;ordinateurs d&#8217;intelligence artificielle, ainsi qu&#8217;aux march\u00e9s des ordinateurs portables d&#8217;intelligence artificielle.<BR><br \/>\nHojung Lee, vice-pr\u00e9sident ex\u00e9cutif et chef de l&#8217;\u00e9quipe de planification des produits de la division des \u00e9crans de petite et moyenne taille de Samsung Display, a d\u00e9clar\u00e9 : &#8220;Gr\u00e2ce \u00e0 notre collaboration avec Intel, une entreprise qui fa\u00e7onne l&#8217;avenir de l&#8217;informatique personnelle, nous pr\u00e9voyons une acc\u00e9l\u00e9ration de l&#8217;innovation dans la technologie d&#8217;affichage, ce qui permettra aux consommateurs d&#8217;atteindre un nouveau niveau d&#8217;exp\u00e9rience en mati\u00e8re d&#8217;ordinateurs portables et stimulera la croissance du march\u00e9 des ordinateurs intelligents.&#8221;<br \/>\n<br \/><a href=\"https:\/\/bangpremier.com\/\" target=\"_blank\"> Visit Bang Premier (main website) <\/a><br \/>\n<br \/><script src=\"https:\/\/geo.dailymotion.com\/player\/xt7m2.js\" data-params=\"mute=true\"><\/script><\/p>\n","protected":false},"excerpt":{"rendered":"<p>2025-02-25 16:33:00 Samsung Display et Intel collaborent sur un nouveau projet. L&#8217;entreprise technologique sud-cor\u00e9enne esp\u00e8re cr\u00e9er un \u00e9cran OLED de faible puissance et de haute r\u00e9solution \u00e9quip\u00e9 des processeurs et&hellip;<\/p>\n","protected":false},"author":1,"featured_media":1143,"comment_status":"closed","ping_status":"open","sticky":false,"template":"","format":"standard","meta":{"footnotes":""},"categories":[5],"tags":[],"class_list":["post-5938","post","type-post","status-publish","format-standard","has-post-thumbnail","hentry","category-technologie"],"_links":{"self":[{"href":"https:\/\/bangpremier.fr\/index.php\/wp-json\/wp\/v2\/posts\/5938","targetHints":{"allow":["GET"]}}],"collection":[{"href":"https:\/\/bangpremier.fr\/index.php\/wp-json\/wp\/v2\/posts"}],"about":[{"href":"https:\/\/bangpremier.fr\/index.php\/wp-json\/wp\/v2\/types\/post"}],"author":[{"embeddable":true,"href":"https:\/\/bangpremier.fr\/index.php\/wp-json\/wp\/v2\/users\/1"}],"replies":[{"embeddable":true,"href":"https:\/\/bangpremier.fr\/index.php\/wp-json\/wp\/v2\/comments?post=5938"}],"version-history":[{"count":1,"href":"https:\/\/bangpremier.fr\/index.php\/wp-json\/wp\/v2\/posts\/5938\/revisions"}],"predecessor-version":[{"id":5939,"href":"https:\/\/bangpremier.fr\/index.php\/wp-json\/wp\/v2\/posts\/5938\/revisions\/5939"}],"wp:featuredmedia":[{"embeddable":true,"href":"https:\/\/bangpremier.fr\/index.php\/wp-json\/wp\/v2\/media\/1143"}],"wp:attachment":[{"href":"https:\/\/bangpremier.fr\/index.php\/wp-json\/wp\/v2\/media?parent=5938"}],"wp:term":[{"taxonomy":"category","embeddable":true,"href":"https:\/\/bangpremier.fr\/index.php\/wp-json\/wp\/v2\/categories?post=5938"},{"taxonomy":"post_tag","embeddable":true,"href":"https:\/\/bangpremier.fr\/index.php\/wp-json\/wp\/v2\/tags?post=5938"}],"curies":[{"name":"wp","href":"https:\/\/api.w.org\/{rel}","templated":true}]}}