{"id":5927,"date":"2025-02-25T11:03:23","date_gmt":"2025-02-25T11:03:23","guid":{"rendered":"https:\/\/bangpremier.fr\/index.php\/2025\/02\/25\/blanche-neige-rachel-zegler-repond-aux-critiques-sur-ses-origines-colombiennes\/"},"modified":"2025-02-25T11:03:23","modified_gmt":"2025-02-25T11:03:23","slug":"blanche-neige-rachel-zegler-repond-aux-critiques-sur-ses-origines-colombiennes","status":"publish","type":"post","link":"https:\/\/bangpremier.fr\/index.php\/2025\/02\/25\/blanche-neige-rachel-zegler-repond-aux-critiques-sur-ses-origines-colombiennes\/","title":{"rendered":"Blanche-Neige : Rachel Zegler r\u00e9pond aux critiques sur ses origines colombiennes"},"content":{"rendered":"<p><b>2025-02-25 11:03:22<\/b><br \/>\n<BR>Rachel Zegler pense que les critiques sur &#8220;Blanche-Neige&#8221; sont dues \u00e0 la passion des fans. <BR><br \/>\nIl a \u00e9t\u00e9 annonc\u00e9 en 2021 que l&#8217;actrice de 23 ans incarnerait le personnage titulaire dans la prochaine adaptation en prises de vue r\u00e9elles du film Disney, toutefois certains se sont indign\u00e9s du fait qu&#8217;elle soit colombienne. <BR><br \/>\nRachel a ensuite suscit\u00e9 une nouvelle controverse en qualifiant le film original de &#8220;tr\u00e8s dat\u00e9&#8221; car le prince y &#8220;traque&#8221; la princesse, des propos qui ont d\u00e9plu aux plus grands fans du dessin anim\u00e9.<BR><br \/>\nMalgr\u00e9 les critiques persistantes sur les r\u00e9seaux sociaux, Rachel reste optimiste et refuse de se laisser abattre.<BR><br \/>\nElle a d\u00e9clar\u00e9 \u00e0 Vogue Mexico : &#8220;J&#8217;interpr\u00e8te les sentiments des gens \u00e0 l&#8217;\u00e9gard de ce film comme de la passion. C&#8217;est un honneur de faire partie d&#8217;un projet qui passionne autant les gens.&#8221;<BR><br \/>\nLe film sortira le 21 mars prochain.<BR><br \/>\n&#8220;Nous ne serons pas toujours d&#8217;accord avec tous ceux qui nous entourent et tout ce que nous pouvons faire, c&#8217;est donner le meilleur de nous-m\u00eames&#8221; a-t-elle ajout\u00e9.<BR><br \/>\nS&#8217;agissant des r\u00e9actions face \u00e0 son h\u00e9ritage, Rachel a r\u00e9torqu\u00e9 : &#8221; Je comprends que la conversation vienne du fait que la communaut\u00e9 ne veut pas \u00eatre per\u00e7ue comme un monolithe, mais la r\u00e9alit\u00e9 d&#8217;\u00eatre Latino et de travailler dans cette industrie est que nous essayons de repr\u00e9senter toute la diaspora.  Je sais qui je suis, je le repr\u00e9sente dans mon r\u00e9cit et je le porte dans mon c\u0153ur tous les jours. Personne ne pourra jamais me dire que cela ne fait pas partie de moi.&#8221;<br \/>\n<br \/><a href=\"https:\/\/bangpremier.com\/\" target=\"_blank\"> Visit Bang Premier (main website) <\/a><br \/>\n<br \/><script src=\"https:\/\/geo.dailymotion.com\/player\/xt7m2.js\" data-params=\"mute=true\"><\/script><\/p>\n","protected":false},"excerpt":{"rendered":"<p>2025-02-25 11:03:22 Rachel Zegler pense que les critiques sur &#8220;Blanche-Neige&#8221; sont dues \u00e0 la passion des fans. Il a \u00e9t\u00e9 annonc\u00e9 en 2021 que l&#8217;actrice de 23 ans incarnerait le&hellip;<\/p>\n","protected":false},"author":1,"featured_media":5928,"comment_status":"closed","ping_status":"open","sticky":false,"template":"","format":"standard","meta":{"footnotes":""},"categories":[1],"tags":[],"class_list":["post-5927","post","type-post","status-publish","format-standard","has-post-thumbnail","hentry","category-people"],"_links":{"self":[{"href":"https:\/\/bangpremier.fr\/index.php\/wp-json\/wp\/v2\/posts\/5927","targetHints":{"allow":["GET"]}}],"collection":[{"href":"https:\/\/bangpremier.fr\/index.php\/wp-json\/wp\/v2\/posts"}],"about":[{"href":"https:\/\/bangpremier.fr\/index.php\/wp-json\/wp\/v2\/types\/post"}],"author":[{"embeddable":true,"href":"https:\/\/bangpremier.fr\/index.php\/wp-json\/wp\/v2\/users\/1"}],"replies":[{"embeddable":true,"href":"https:\/\/bangpremier.fr\/index.php\/wp-json\/wp\/v2\/comments?post=5927"}],"version-history":[{"count":1,"href":"https:\/\/bangpremier.fr\/index.php\/wp-json\/wp\/v2\/posts\/5927\/revisions"}],"predecessor-version":[{"id":5929,"href":"https:\/\/bangpremier.fr\/index.php\/wp-json\/wp\/v2\/posts\/5927\/revisions\/5929"}],"wp:featuredmedia":[{"embeddable":true,"href":"https:\/\/bangpremier.fr\/index.php\/wp-json\/wp\/v2\/media\/5928"}],"wp:attachment":[{"href":"https:\/\/bangpremier.fr\/index.php\/wp-json\/wp\/v2\/media?parent=5927"}],"wp:term":[{"taxonomy":"category","embeddable":true,"href":"https:\/\/bangpremier.fr\/index.php\/wp-json\/wp\/v2\/categories?post=5927"},{"taxonomy":"post_tag","embeddable":true,"href":"https:\/\/bangpremier.fr\/index.php\/wp-json\/wp\/v2\/tags?post=5927"}],"curies":[{"name":"wp","href":"https:\/\/api.w.org\/{rel}","templated":true}]}}