{"id":5916,"date":"2025-02-24T18:09:59","date_gmt":"2025-02-24T18:09:59","guid":{"rendered":"https:\/\/bangpremier.fr\/index.php\/2025\/02\/24\/marvels-spider-man-3-yuri-lowenthal-assure-que-peter-parker-ne-sera-pas-relegue-au-canape\/"},"modified":"2025-02-24T18:10:00","modified_gmt":"2025-02-24T18:10:00","slug":"marvels-spider-man-3-yuri-lowenthal-assure-que-peter-parker-ne-sera-pas-relegue-au-canape","status":"publish","type":"post","link":"https:\/\/bangpremier.fr\/index.php\/2025\/02\/24\/marvels-spider-man-3-yuri-lowenthal-assure-que-peter-parker-ne-sera-pas-relegue-au-canape\/","title":{"rendered":"Marvel&#039;s Spider-Man 3 : Yuri Lowenthal assure que Peter Parker ne sera pas rel\u00e9gu\u00e9 &quot;au canap\u00e9&quot;"},"content":{"rendered":"<p><b>2025-02-24 18:09:59<\/b><br \/>\n<BR>Le doubleur de Peter Parker, Yuri Lowenthal, a insist\u00e9 sur le fait que le personnage &#8220;ne sera pas rel\u00e9gu\u00e9 sur le canap\u00e9&#8221; dans Spider-Man 3.<BR><br \/>\nLe personnage a pass\u00e9 le flambeau \u00e0 Miles Morales (Nadji Jeter) \u00e0 la fin de &#8220;Marvel&#8217;s Spider-Man 2&#8221;, mais Yuri Lowenthal a insist\u00e9 sur le fait que Peter Parker aura toujours un r\u00f4le important \u00e0 jouer dans la suite du jeu d&#8217;action et d&#8217;aventure du d\u00e9veloppeur Insomniac Games.<BR><br \/>\nS&#8217;adressant \u00e0 The Direct, l&#8217;acteur de 53 ans a d\u00e9clar\u00e9 : &#8220;Il y a tr\u00e8s peu de choses que je peux dire \u00e0 propos de ce jeu, mais vous \u00eates tomb\u00e9s sur la seule chose \u00e0 laquelle je peux r\u00e9pondre, et c&#8217;est que, oui, Peter n&#8217;est pas parti. Il fera partie du prochain jeu et ne sera pas rel\u00e9gu\u00e9 sur le canap\u00e9, je vous le promets.&#8221;<BR><br \/>\nLowenthal a d\u00e9j\u00e0 soulign\u00e9 que l&#8217;histoire de Peter Parker n&#8217;\u00e9tait pas termin\u00e9e apr\u00e8s &#8220;Marvel&#8217;s Spider-Man 2&#8242;, et a d\u00e9clar\u00e9 que le personnage avait d\u00e9sormais &#8220;100 % confiance en Miles&#8221;, avant les \u00e9v\u00e9nements du dernier chapitre de la trilogie Spider-Man d&#8217;Insomniac.<br \/>\n<br \/><a href=\"https:\/\/bangpremier.com\/\" target=\"_blank\"> Visit Bang Premier (main website) <\/a><br \/>\n<br \/><script src=\"https:\/\/geo.dailymotion.com\/player\/xt7m2.js\" data-params=\"mute=true\"><\/script><\/p>\n","protected":false},"excerpt":{"rendered":"<p>2025-02-24 18:09:59 Le doubleur de Peter Parker, Yuri Lowenthal, a insist\u00e9 sur le fait que le personnage &#8220;ne sera pas rel\u00e9gu\u00e9 sur le canap\u00e9&#8221; dans Spider-Man 3. Le personnage a&hellip;<\/p>\n","protected":false},"author":1,"featured_media":5917,"comment_status":"closed","ping_status":"open","sticky":false,"template":"","format":"standard","meta":{"footnotes":""},"categories":[5],"tags":[],"class_list":["post-5916","post","type-post","status-publish","format-standard","has-post-thumbnail","hentry","category-technologie"],"_links":{"self":[{"href":"https:\/\/bangpremier.fr\/index.php\/wp-json\/wp\/v2\/posts\/5916","targetHints":{"allow":["GET"]}}],"collection":[{"href":"https:\/\/bangpremier.fr\/index.php\/wp-json\/wp\/v2\/posts"}],"about":[{"href":"https:\/\/bangpremier.fr\/index.php\/wp-json\/wp\/v2\/types\/post"}],"author":[{"embeddable":true,"href":"https:\/\/bangpremier.fr\/index.php\/wp-json\/wp\/v2\/users\/1"}],"replies":[{"embeddable":true,"href":"https:\/\/bangpremier.fr\/index.php\/wp-json\/wp\/v2\/comments?post=5916"}],"version-history":[{"count":1,"href":"https:\/\/bangpremier.fr\/index.php\/wp-json\/wp\/v2\/posts\/5916\/revisions"}],"predecessor-version":[{"id":5918,"href":"https:\/\/bangpremier.fr\/index.php\/wp-json\/wp\/v2\/posts\/5916\/revisions\/5918"}],"wp:featuredmedia":[{"embeddable":true,"href":"https:\/\/bangpremier.fr\/index.php\/wp-json\/wp\/v2\/media\/5917"}],"wp:attachment":[{"href":"https:\/\/bangpremier.fr\/index.php\/wp-json\/wp\/v2\/media?parent=5916"}],"wp:term":[{"taxonomy":"category","embeddable":true,"href":"https:\/\/bangpremier.fr\/index.php\/wp-json\/wp\/v2\/categories?post=5916"},{"taxonomy":"post_tag","embeddable":true,"href":"https:\/\/bangpremier.fr\/index.php\/wp-json\/wp\/v2\/tags?post=5916"}],"curies":[{"name":"wp","href":"https:\/\/api.w.org\/{rel}","templated":true}]}}