{"id":5855,"date":"2025-02-20T11:08:11","date_gmt":"2025-02-20T11:08:11","guid":{"rendered":"https:\/\/bangpremier.fr\/index.php\/2025\/02\/20\/kanye-west-fait-a-nouveau-le-buzz-sur-x-je-me-suis-rendu-compte-que-je-ne-suis-pas-un-nazi\/"},"modified":"2025-02-20T11:08:12","modified_gmt":"2025-02-20T11:08:12","slug":"kanye-west-fait-a-nouveau-le-buzz-sur-x-je-me-suis-rendu-compte-que-je-ne-suis-pas-un-nazi","status":"publish","type":"post","link":"https:\/\/bangpremier.fr\/index.php\/2025\/02\/20\/kanye-west-fait-a-nouveau-le-buzz-sur-x-je-me-suis-rendu-compte-que-je-ne-suis-pas-un-nazi\/","title":{"rendered":"Kanye West fait \u00e0 nouveau le buzz sur X : \u201cJe me suis rendu compte que je ne suis pas un nazi&quot;"},"content":{"rendered":"<p><b>2025-02-20 11:08:11<\/b><br \/>\n<BR>Kanye West a affirm\u00e9 qu&#8217;il n&#8217;est pas lui-m\u00eame un nazi malgr\u00e9 ses r\u00e9cents propos et la vente d&#8217;un t-shirt portant une croix gamm\u00e9e sur son site.<BR><br \/>\nLe rappeur a notamment suscit\u00e9 de vives r\u00e9actions apr\u00e8s avoir d\u00e9clar\u00e9 son admiration pour Adolf Hitler et s&#8217;\u00eatre qualifi\u00e9 de nazi.<BR><br \/>\nDepuis, Kanye a \u00e9voqu\u00e9 la pol\u00e9mique sur son compte X.<BR><br \/>\nIl a \u00e9crit : &#8220;Apr\u00e8s m\u00fbre r\u00e9flexion, je me suis rendu compte que je ne suis pas un nazi&#8221;.<BR><br \/>\nQuelques heures plus t\u00f4t, il avait sembl\u00e9 r\u00e9agir \u00e0 la performance d&#8217;Adam Sandler lors des 50 ans de l&#8217;\u00e9mission Saturday Night Live.<BR><br \/>\nDans une chanson \u00e9crite pour l&#8217;occasion, le com\u00e9dien &#8211; dont la famille est juive &#8211; a fait une r\u00e9f\u00e9rence apparente \u00e0 Kanye.<BR><br \/>\nIl a plaisant\u00e9 : &#8220;50 ans \u00e0 d\u00e9couvrir que votre musicien pr\u00e9f\u00e9r\u00e9 est antis\u00e9mite.&#8221;<BR><br \/>\nCe \u00e0 quoi Kanye a rapidement r\u00e9pondu via son compte X.<BR><br \/>\nIl a tweet\u00e9 : &#8220;Adam Sandler, merci pour ton appr\u00e9ciation.\u201d<br \/>\n<br \/><a href=\"https:\/\/bangpremier.com\/\" target=\"_blank\"> Visit Bang Premier (main website) <\/a><br \/>\n<br \/><script src=\"https:\/\/geo.dailymotion.com\/player\/xt7m2.js\" data-params=\"mute=true\"><\/script><\/p>\n","protected":false},"excerpt":{"rendered":"<p>2025-02-20 11:08:11 Kanye West a affirm\u00e9 qu&#8217;il n&#8217;est pas lui-m\u00eame un nazi malgr\u00e9 ses r\u00e9cents propos et la vente d&#8217;un t-shirt portant une croix gamm\u00e9e sur son site. Le rappeur&hellip;<\/p>\n","protected":false},"author":1,"featured_media":5856,"comment_status":"closed","ping_status":"open","sticky":false,"template":"","format":"standard","meta":{"footnotes":""},"categories":[1],"tags":[],"class_list":["post-5855","post","type-post","status-publish","format-standard","has-post-thumbnail","hentry","category-people"],"_links":{"self":[{"href":"https:\/\/bangpremier.fr\/index.php\/wp-json\/wp\/v2\/posts\/5855","targetHints":{"allow":["GET"]}}],"collection":[{"href":"https:\/\/bangpremier.fr\/index.php\/wp-json\/wp\/v2\/posts"}],"about":[{"href":"https:\/\/bangpremier.fr\/index.php\/wp-json\/wp\/v2\/types\/post"}],"author":[{"embeddable":true,"href":"https:\/\/bangpremier.fr\/index.php\/wp-json\/wp\/v2\/users\/1"}],"replies":[{"embeddable":true,"href":"https:\/\/bangpremier.fr\/index.php\/wp-json\/wp\/v2\/comments?post=5855"}],"version-history":[{"count":1,"href":"https:\/\/bangpremier.fr\/index.php\/wp-json\/wp\/v2\/posts\/5855\/revisions"}],"predecessor-version":[{"id":5857,"href":"https:\/\/bangpremier.fr\/index.php\/wp-json\/wp\/v2\/posts\/5855\/revisions\/5857"}],"wp:featuredmedia":[{"embeddable":true,"href":"https:\/\/bangpremier.fr\/index.php\/wp-json\/wp\/v2\/media\/5856"}],"wp:attachment":[{"href":"https:\/\/bangpremier.fr\/index.php\/wp-json\/wp\/v2\/media?parent=5855"}],"wp:term":[{"taxonomy":"category","embeddable":true,"href":"https:\/\/bangpremier.fr\/index.php\/wp-json\/wp\/v2\/categories?post=5855"},{"taxonomy":"post_tag","embeddable":true,"href":"https:\/\/bangpremier.fr\/index.php\/wp-json\/wp\/v2\/tags?post=5855"}],"curies":[{"name":"wp","href":"https:\/\/api.w.org\/{rel}","templated":true}]}}