{"id":533,"date":"2024-05-13T16:49:41","date_gmt":"2024-05-13T16:49:41","guid":{"rendered":"https:\/\/bangpremier.fr\/index.php\/2024\/05\/13\/elon-musk-admet-quil-ecoute-des-podcasts-sur-la-chute-de-la-civilisation-avant-de-dormir\/"},"modified":"2024-05-13T16:49:42","modified_gmt":"2024-05-13T16:49:42","slug":"elon-musk-admet-quil-ecoute-des-podcasts-sur-la-chute-de-la-civilisation-avant-de-dormir","status":"publish","type":"post","link":"https:\/\/bangpremier.fr\/index.php\/2024\/05\/13\/elon-musk-admet-quil-ecoute-des-podcasts-sur-la-chute-de-la-civilisation-avant-de-dormir\/","title":{"rendered":"Elon Musk admet qu\u2019il \u00e9coute des podcasts sur la chute de la civilisation avant de dormir"},"content":{"rendered":"<p><b>2024-05-13 16:49:41<\/b><br \/>\n<BR>Elon Musk a admis qu\u2019il \u00e9coute des podcasts sur la chute de la civilisation avant de se coucher.<BR><br \/>\nLe PDG de Tesla et X a fait cette d\u00e9claration lors de la Milken Global Conference en d\u00e9but de semaine \u00e0 Los Angeles.<BR><br \/>\nIl a d\u00e9clar\u00e9 : \u00ab\u00a0J&#8217;\u00e9coute des podcasts sur la chute des civilisations pour m\u2019endormir.\u00a0\u00bb<BR><br \/>\nDans le foul\u00e9e, le milliardaire a \u00e9t\u00e9 questionn\u00e9 concernant les pr\u00e9occupations qui le maintiennent \u00e9veill\u00e9 la nuit et ce dernier a r\u00e9torqu\u00e9 tout ce qui tourne autour de la fin de l\u2019humanit\u00e9 ou la baisse du taux de la natalit\u00e9.<BR><br \/>\nMusk a toujours indiqu\u00e9 que la mont\u00e9e en puissance de l\u2019intelligence artificielle, la baisse de la natalit\u00e9 et les gouvernements pouvaient mener \u00e0 la fin de la civilisation humaine.<BR><br \/>\nLe patron a aussi confi\u00e9 que l\u2019homme devra fusionner avec les machines pour rester pertinent dans le futur.<BR><br \/>\nIl avait d\u00e9clar\u00e9 en 2017 lors d\u2019un sommet \u00e0 Duba\u00ef : \u00ab\u00a0Avec le temps, je pense que nous assisterons probablement \u00e0 une fusion plus \u00e9troite de l&#8217;intelligence biologique et de l&#8217;intelligence num\u00e9rique.\u00a0\u00bb<BR><br \/>\nIl a ajout\u00e9 : \u00ab\u00a0Il s&#8217;agit principalement de la bande passante, de la vitesse de la connexion entre votre cerveau et la version num\u00e9rique de vous-m\u00eame, en particulier la sortie.\u00a0\u00bb<br \/>\n<br \/><a href=\"https:\/\/bangpremier.com\/\" target=\"_blank\" rel=\"noopener\"> Visit Bang Premier (main website) <\/a><\/p>\n","protected":false},"excerpt":{"rendered":"<p>2024-05-13 16:49:41 Elon Musk a admis qu\u2019il \u00e9coute des podcasts sur la chute de la civilisation avant de se coucher. Le PDG de Tesla et X a fait cette d\u00e9claration&hellip;<\/p>\n","protected":false},"author":1,"featured_media":534,"comment_status":"closed","ping_status":"open","sticky":false,"template":"","format":"standard","meta":{"footnotes":""},"categories":[5],"tags":[],"class_list":["post-533","post","type-post","status-publish","format-standard","has-post-thumbnail","hentry","category-technologie"],"_links":{"self":[{"href":"https:\/\/bangpremier.fr\/index.php\/wp-json\/wp\/v2\/posts\/533","targetHints":{"allow":["GET"]}}],"collection":[{"href":"https:\/\/bangpremier.fr\/index.php\/wp-json\/wp\/v2\/posts"}],"about":[{"href":"https:\/\/bangpremier.fr\/index.php\/wp-json\/wp\/v2\/types\/post"}],"author":[{"embeddable":true,"href":"https:\/\/bangpremier.fr\/index.php\/wp-json\/wp\/v2\/users\/1"}],"replies":[{"embeddable":true,"href":"https:\/\/bangpremier.fr\/index.php\/wp-json\/wp\/v2\/comments?post=533"}],"version-history":[{"count":1,"href":"https:\/\/bangpremier.fr\/index.php\/wp-json\/wp\/v2\/posts\/533\/revisions"}],"predecessor-version":[{"id":535,"href":"https:\/\/bangpremier.fr\/index.php\/wp-json\/wp\/v2\/posts\/533\/revisions\/535"}],"wp:featuredmedia":[{"embeddable":true,"href":"https:\/\/bangpremier.fr\/index.php\/wp-json\/wp\/v2\/media\/534"}],"wp:attachment":[{"href":"https:\/\/bangpremier.fr\/index.php\/wp-json\/wp\/v2\/media?parent=533"}],"wp:term":[{"taxonomy":"category","embeddable":true,"href":"https:\/\/bangpremier.fr\/index.php\/wp-json\/wp\/v2\/categories?post=533"},{"taxonomy":"post_tag","embeddable":true,"href":"https:\/\/bangpremier.fr\/index.php\/wp-json\/wp\/v2\/tags?post=533"}],"curies":[{"name":"wp","href":"https:\/\/api.w.org\/{rel}","templated":true}]}}