{"id":458,"date":"2024-05-10T16:51:40","date_gmt":"2024-05-10T16:51:40","guid":{"rendered":"https:\/\/bangpremier.fr\/index.php\/2024\/05\/10\/kendall-jenner-a-hate-de-fonder-sa-propre-famille\/"},"modified":"2024-05-10T16:51:42","modified_gmt":"2024-05-10T16:51:42","slug":"kendall-jenner-a-hate-de-fonder-sa-propre-famille","status":"publish","type":"post","link":"https:\/\/bangpremier.fr\/index.php\/2024\/05\/10\/kendall-jenner-a-hate-de-fonder-sa-propre-famille\/","title":{"rendered":"Kendall Jenner a h\u00e2te de fonder sa propre famille"},"content":{"rendered":"<p><b>2024-05-10 16:51:40<\/b><br \/>\n<BR>Kendall Jenner est &#8220;impatiente&#8221; de &#8220;cr\u00e9er sa propre famille&#8221;.<BR><br \/>\nLe mannequin de 28 ans &#8211; qui a r\u00e9cemment fait l&#8217;objet de sp\u00e9culations sur le fait qu&#8217;elle avait renou\u00e9 avec Bad Bunny &#8211; a toujours admir\u00e9 la top-mod\u00e8le Christy Turlington et sa fa\u00e7on de g\u00e9rer sa carri\u00e8re et esp\u00e8re suivre ses traces en s&#8217;assurant que sa vie personnelle reste une priorit\u00e9.<BR><br \/>\nKendall a d\u00e9clar\u00e9 au magazine Vogue : &#8220;J&#8217;ai pass\u00e9 beaucoup de temps \u00e0 regarder son visage quand j&#8217;\u00e9tais enfant. Elle semblait si calme et pos\u00e9e. J&#8217;ai vraiment appr\u00e9ci\u00e9 l&#8217;\u00e9nergie qu&#8217;elle a d\u00e9ploy\u00e9e pendant tout ce temps. Et j&#8217;ai l&#8217;impression que la vie en dehors du mannequinat et la famille \u00e9taient vraiment importantes pour elle. Les relations sont tr\u00e8s importantes pour moi et j&#8217;ai h\u00e2te de vivre avec quelqu&#8217;un un jour, d&#8217;avoir des enfants, de fonder une famille. Christy d\u00e9gage de bonnes vibrations. Peut-\u00eatre qu&#8217;elle s&#8217;en est un peu moins souci\u00e9e ! Je pense que c&#8217;est vraiment cool.&#8221;<BR><br \/>\nKendall est la seule des filles de Kris Jenner \u00e0 ne pas vivre \u00e0 deux pas de la maison de leur m\u00e8re et, bien qu&#8217;elle appr\u00e9cie sa &#8220;libert\u00e9&#8221;, elle esp\u00e8re se rapprocher de sa famille lorsqu&#8217;elle s&#8217;installera dans son propre foyer.<BR><br \/>\nElle a confi\u00e9 :  &#8220;Quand j&#8217;\u00e9tais jeune, je disais qu&#8217;\u00e0 27 ans, j&#8217;aimerais avoir des enfants. Aujourd&#8217;hui, j&#8217;ai d\u00e9pass\u00e9 ce stade et j&#8217;ai l&#8217;impression d&#8217;\u00eatre encore tr\u00e8s jeune. Je profite de ma libert\u00e9 sans enfant&#8221;.<br \/>\n<br \/><a href=\"https:\/\/bangpremier.com\/\" target=\"_blank\" rel=\"noopener\"> Visit Bang Premier (main website) <\/a><\/p>\n","protected":false},"excerpt":{"rendered":"<p>2024-05-10 16:51:40 Kendall Jenner est &#8220;impatiente&#8221; de &#8220;cr\u00e9er sa propre famille&#8221;. Le mannequin de 28 ans &#8211; qui a r\u00e9cemment fait l&#8217;objet de sp\u00e9culations sur le fait qu&#8217;elle avait renou\u00e9&hellip;<\/p>\n","protected":false},"author":1,"featured_media":459,"comment_status":"closed","ping_status":"open","sticky":false,"template":"","format":"standard","meta":{"footnotes":""},"categories":[1],"tags":[],"class_list":["post-458","post","type-post","status-publish","format-standard","has-post-thumbnail","hentry","category-people"],"_links":{"self":[{"href":"https:\/\/bangpremier.fr\/index.php\/wp-json\/wp\/v2\/posts\/458","targetHints":{"allow":["GET"]}}],"collection":[{"href":"https:\/\/bangpremier.fr\/index.php\/wp-json\/wp\/v2\/posts"}],"about":[{"href":"https:\/\/bangpremier.fr\/index.php\/wp-json\/wp\/v2\/types\/post"}],"author":[{"embeddable":true,"href":"https:\/\/bangpremier.fr\/index.php\/wp-json\/wp\/v2\/users\/1"}],"replies":[{"embeddable":true,"href":"https:\/\/bangpremier.fr\/index.php\/wp-json\/wp\/v2\/comments?post=458"}],"version-history":[{"count":1,"href":"https:\/\/bangpremier.fr\/index.php\/wp-json\/wp\/v2\/posts\/458\/revisions"}],"predecessor-version":[{"id":460,"href":"https:\/\/bangpremier.fr\/index.php\/wp-json\/wp\/v2\/posts\/458\/revisions\/460"}],"wp:featuredmedia":[{"embeddable":true,"href":"https:\/\/bangpremier.fr\/index.php\/wp-json\/wp\/v2\/media\/459"}],"wp:attachment":[{"href":"https:\/\/bangpremier.fr\/index.php\/wp-json\/wp\/v2\/media?parent=458"}],"wp:term":[{"taxonomy":"category","embeddable":true,"href":"https:\/\/bangpremier.fr\/index.php\/wp-json\/wp\/v2\/categories?post=458"},{"taxonomy":"post_tag","embeddable":true,"href":"https:\/\/bangpremier.fr\/index.php\/wp-json\/wp\/v2\/tags?post=458"}],"curies":[{"name":"wp","href":"https:\/\/api.w.org\/{rel}","templated":true}]}}