{"id":422,"date":"2024-05-10T10:01:06","date_gmt":"2024-05-10T10:01:06","guid":{"rendered":"https:\/\/bangpremier.fr\/index.php\/2024\/05\/10\/carlo-ancelotti-salue-la-qualification-du-real-madrid-en-finale-de-ligue-des-champions\/"},"modified":"2024-05-10T10:01:08","modified_gmt":"2024-05-10T10:01:08","slug":"carlo-ancelotti-salue-la-qualification-du-real-madrid-en-finale-de-ligue-des-champions","status":"publish","type":"post","link":"https:\/\/bangpremier.fr\/index.php\/2024\/05\/10\/carlo-ancelotti-salue-la-qualification-du-real-madrid-en-finale-de-ligue-des-champions\/","title":{"rendered":"Carlo Ancelotti salue la qualification du Real Madrid en finale de Ligue des champions"},"content":{"rendered":"<p><b>2024-05-10 10:01:06<\/b><br \/>\n<BR>Carlo Ancelotti a salu\u00e9 la qualification du Real Madrid en finale de Ligue des champions et a \u00e9galement remerci\u00e9 les fans madril\u00e8nes pour leur soutien durant cette rencontre tendue.<BR><br \/>\nMen\u00e9s 1-0 apr\u00e8s un but d\u2019Alphonso Davies pour le Bayern, un doubl\u00e9 du rentrant Joselu dans les derni\u00e8res minutes de jeu a permis \u00e0 Madrid d\u2019arracher son ticket pour la finale de la comp\u00e9tition.<BR><br \/>\nLe manager italien a confi\u00e9 apr\u00e8s cette rencontre : \u00ab\u00a0\u00c7a arrive une fois de plus. C&#8217;est d\u00e9j\u00e0 arriv\u00e9 tellement de fois. C&#8217;est inexplicable. Il y a le public qui pousse, un stade qui nous aide, une ambiance fantastique. Et les joueurs qui n&#8217;arr\u00eatent pas de croire qu&#8217;ils peuvent le faire. C&#8217;est quelque chose de magique, il n&#8217;y a pas d\u2019explication.\u00a0\u00bb<BR><br \/>\nIl a ajout\u00e9 : \u00ab\u00a0Je sais qu&#8217;on a bien jou\u00e9, dans un match difficile, on a eu des occasions. On a eu aussi le contr\u00f4le du match. On a eu la force de ne pas perdre nos nerfs quand ils ont marqu\u00e9. Petit \u00e0 petit, on a renvers\u00e9 le match. Bien s\u00fbr, il faut remercier le public et le club, mais surtout les joueurs. Parce qu&#8217;ils ont fait une saison \u00e0 laquelle personne ne croyait. Moi le premier. Je ne pensais pas ce groupe-l\u00e0 capable de faire ce qu&#8217;ils ont fait. Atteindre la finale, c&#8217;est d\u00e9j\u00e0 une grande r\u00e9ussite.\u00a0\u00bb<BR><br \/>\nEn finale, le Real Madrid retrouvera le Borussia Dortmund le 1 juin prochain \u00e0 Wembley.<br \/>\n<br \/><a href=\"https:\/\/bangpremier.com\/\" target=\"_blank\" rel=\"noopener\"> Visit Bang Premier (main website) <\/a><\/p>\n","protected":false},"excerpt":{"rendered":"<p>2024-05-10 10:01:06 Carlo Ancelotti a salu\u00e9 la qualification du Real Madrid en finale de Ligue des champions et a \u00e9galement remerci\u00e9 les fans madril\u00e8nes pour leur soutien durant cette rencontre&hellip;<\/p>\n","protected":false},"author":1,"featured_media":423,"comment_status":"closed","ping_status":"open","sticky":false,"template":"","format":"standard","meta":{"footnotes":""},"categories":[4],"tags":[],"class_list":["post-422","post","type-post","status-publish","format-standard","has-post-thumbnail","hentry","category-sport"],"_links":{"self":[{"href":"https:\/\/bangpremier.fr\/index.php\/wp-json\/wp\/v2\/posts\/422","targetHints":{"allow":["GET"]}}],"collection":[{"href":"https:\/\/bangpremier.fr\/index.php\/wp-json\/wp\/v2\/posts"}],"about":[{"href":"https:\/\/bangpremier.fr\/index.php\/wp-json\/wp\/v2\/types\/post"}],"author":[{"embeddable":true,"href":"https:\/\/bangpremier.fr\/index.php\/wp-json\/wp\/v2\/users\/1"}],"replies":[{"embeddable":true,"href":"https:\/\/bangpremier.fr\/index.php\/wp-json\/wp\/v2\/comments?post=422"}],"version-history":[{"count":1,"href":"https:\/\/bangpremier.fr\/index.php\/wp-json\/wp\/v2\/posts\/422\/revisions"}],"predecessor-version":[{"id":424,"href":"https:\/\/bangpremier.fr\/index.php\/wp-json\/wp\/v2\/posts\/422\/revisions\/424"}],"wp:featuredmedia":[{"embeddable":true,"href":"https:\/\/bangpremier.fr\/index.php\/wp-json\/wp\/v2\/media\/423"}],"wp:attachment":[{"href":"https:\/\/bangpremier.fr\/index.php\/wp-json\/wp\/v2\/media?parent=422"}],"wp:term":[{"taxonomy":"category","embeddable":true,"href":"https:\/\/bangpremier.fr\/index.php\/wp-json\/wp\/v2\/categories?post=422"},{"taxonomy":"post_tag","embeddable":true,"href":"https:\/\/bangpremier.fr\/index.php\/wp-json\/wp\/v2\/tags?post=422"}],"curies":[{"name":"wp","href":"https:\/\/api.w.org\/{rel}","templated":true}]}}